{"id":10001,"date":"2025-05-19T14:34:03","date_gmt":"2025-05-19T18:34:03","guid":{"rendered":"https:\/\/sanignacioconcepcion.cl\/sitio\/?p=10001"},"modified":"2025-05-19T14:34:03","modified_gmt":"2025-05-19T18:34:03","slug":"cumbre-estudiantil-ignaciana-2025-jovenes-lideres-se-reunen-para-poner-la-convivencia-en-el-centro-de-la-vida-escolar","status":"publish","type":"post","link":"http:\/\/sanignacioconcepcion.cl\/sitio\/cumbre-estudiantil-ignaciana-2025-jovenes-lideres-se-reunen-para-poner-la-convivencia-en-el-centro-de-la-vida-escolar\/","title":{"rendered":"Cumbre Estudiantil Ignaciana 2025: J\u00f3venes l\u00edderes se re\u00fanen para poner la convivencia en el centro de la vida escolar"},"content":{"rendered":"<p><span style=\"font-weight: 400;\">M\u00e1s de 70 estudiantes representantes de los centros de estudiantes de los 13 colegios con ense\u00f1anza media de la Red Educacional Ignaciana (REI) se reunieron los d\u00edas 15 y 16 de mayo en la Cumbre Estudiantil 2025, con el prop\u00f3sito de proyectar un liderazgo m\u00e1s justo, comprometido y transformador.<\/span><\/p>\n<p><span style=\"font-weight: 400;\">Este a\u00f1o, el encuentro se desarroll\u00f3 bajo el lema <\/span><i><span style=\"font-weight: 400;\">\u201cConvivir para transformar: discernir el liderazgo para servir\u201d<\/span><\/i><span style=\"font-weight: 400;\">, consigna que invit\u00f3 a relevar la convivencia como una pr\u00e1ctica cotidiana, un aprendizaje compartido y una responsabilidad de toda la comunidad educativa. Esta edici\u00f3n de la cumbre cobra especial relevancia al alinearse con los avances del Proyecto de Ley sobre Convivencia, Buen Trato y Bienestar de las Comunidades Educativas, recientemente aprobado en el Senado y actualmente en tramitaci\u00f3n parlamentaria.<\/span><\/p>\n<p><span style=\"font-weight: 400;\">Dicho proyecto propone un cambio estructural en la forma de abordar la convivencia escolar, estableciendo un enfoque pedag\u00f3gico, sist\u00e9mico e interinstitucional, con medidas concretas como la creaci\u00f3n de planes de gesti\u00f3n de convivencia, la definici\u00f3n de contenidos m\u00ednimos en los reglamentos internos y la incorporaci\u00f3n de un coordinador o coordinadora de convivencia con jornada exclusiva y formaci\u00f3n especializada. Este nuevo marco normativo busca garantizar que los espacios escolares sean entornos seguros, respetuosos y formativos, donde se prevenga toda forma de violencia, acoso y discriminaci\u00f3n.<\/span><\/p>\n<p><span style=\"font-weight: 400;\">Desde esa perspectiva, la participaci\u00f3n del estudiantado y el fortalecimiento de sus liderazgos se vuelve una estrategia clave ya que los Centros de Estudiantes tienen un rol fundamental en la articulaci\u00f3n de los diferentes niveles de la comunidad escolar. Esta cumbre, entonces, se abre como una oportunidad concreta de innovaci\u00f3n en la cultura escolar juvenil, promoviendo liderazgos que puedan influir en los modos de gesti\u00f3n y contribuir a transformar los climas escolares desde dentro.<\/span><\/p>\n<p><span style=\"font-weight: 400;\">Durante el encuentro, las y los estudiantes trabajaron en torno a tres grandes ejes:<\/span><\/p>\n<ul>\n<li style=\"font-weight: 400;\" aria-level=\"1\"><span style=\"font-weight: 400;\">La participaci\u00f3n protag\u00f3nica de las y los j\u00f3venes.<\/span><\/li>\n<li style=\"font-weight: 400;\" aria-level=\"1\"><span style=\"font-weight: 400;\">El liderazgo ignaciano, orientado al servicio y el bien com\u00fan.<\/span><\/li>\n<li style=\"font-weight: 400;\" aria-level=\"1\"><span style=\"font-weight: 400;\">La convivencia escolar, entendida como un aprendizaje vital y transformador.<\/span><\/li>\n<\/ul>\n<p><span style=\"font-weight: 400;\">El trabajo se realiz\u00f3 a partir de la revisi\u00f3n cr\u00edtica del Ideario Educativo Com\u00fan de la REI, junto al apoyo de la compa\u00f1\u00eda de teatro \u201cNo M\u00e1s\u201d, que facilit\u00f3 espacios de sensibilizaci\u00f3n y reflexi\u00f3n en torno al buen trato, reconociendo las barreras que impiden la construcci\u00f3n de ambientes sanos y proponiendo caminos para superarlas colectivamente.\u00a0<\/span><\/p>\n<p><span style=\"font-weight: 400;\">Fernanda Mayora, coordinadora de la experiencia, comenta: \u201cSomos las experiencias que vivimos. Por lo tanto, instancias como estas, donde hay colegios con una gran diversidad de contextos, son fundamentales para ampliar nuestro mundo. Si no conozco la realidad de los dem\u00e1s siempre voy a pensar que todos viven lo mismo que yo, y eso, de alguna manera nos vuelve ciegos\u201d.\u00a0 En la misma l\u00ednea, Pablo Jim\u00e9nez, tambi\u00e9n coordinador, agrega: \u201cestos espacios nos ayudan a visualizar con fuerza que la convivencia es un tema cr\u00edtico que nos necesita a todos. Mejorar los espacios educativos a nivel pa\u00eds es un compromiso que requiere acciones individuales, pero tambi\u00e9n, y m\u00e1s trascendental a\u00fan, requiere que nos organicemos en acciones colectivas\u201d.<\/span><\/p>\n<p><span style=\"font-weight: 400;\">En un contexto donde los desaf\u00edos de la convivencia escolar se han agudizado \u2014con un notable aumento de denuncias y problem\u00e1ticas de salud mental, seg\u00fan cifras del Ministerio de Educaci\u00f3n y la Agencia de Calidad\u2014, iniciativas como esta cumbre representan una buena noticia y un paso decidido hacia la corresponsabilidad y la transformaci\u00f3n educativa.<span style=\"color: #800000;\"><a style=\"color: #800000;\" href=\"https:\/\/drive.google.com\/drive\/folders\/1fY6zZFapcag1Sp9NETXuo0VziOrJfzd6?usp=drive_link\"><strong> Ver fotos<\/strong><\/a><\/span><\/span><\/p>\n<p><em>Informaci\u00f3n de Red Educacional Ignaciana<\/em><\/p>\n","protected":false},"excerpt":{"rendered":"<p>M\u00e1s de 70 estudiantes representantes de los centros de estudiantes de los 13 colegios con ense\u00f1anza media de la Red Educacional Ignaciana (REI) se reunieron los d\u00edas 15 y 16 de mayo en la Cumbre Estudiantil 2025, con el prop\u00f3sito de proyectar un liderazgo m\u00e1s justo, comprometido y transformador. Este a\u00f1o, el encuentro se desarroll\u00f3&hellip;<\/p>\n","protected":false},"author":1,"featured_media":10002,"comment_status":"closed","ping_status":"closed","sticky":false,"template":"","format":"standard","meta":[],"categories":[4],"tags":[],"_links":{"self":[{"href":"http:\/\/sanignacioconcepcion.cl\/sitio\/wp-json\/wp\/v2\/posts\/10001"}],"collection":[{"href":"http:\/\/sanignacioconcepcion.cl\/sitio\/wp-json\/wp\/v2\/posts"}],"about":[{"href":"http:\/\/sanignacioconcepcion.cl\/sitio\/wp-json\/wp\/v2\/types\/post"}],"author":[{"embeddable":true,"href":"http:\/\/sanignacioconcepcion.cl\/sitio\/wp-json\/wp\/v2\/users\/1"}],"replies":[{"embeddable":true,"href":"http:\/\/sanignacioconcepcion.cl\/sitio\/wp-json\/wp\/v2\/comments?post=10001"}],"version-history":[{"count":1,"href":"http:\/\/sanignacioconcepcion.cl\/sitio\/wp-json\/wp\/v2\/posts\/10001\/revisions"}],"predecessor-version":[{"id":10003,"href":"http:\/\/sanignacioconcepcion.cl\/sitio\/wp-json\/wp\/v2\/posts\/10001\/revisions\/10003"}],"wp:featuredmedia":[{"embeddable":true,"href":"http:\/\/sanignacioconcepcion.cl\/sitio\/wp-json\/wp\/v2\/media\/10002"}],"wp:attachment":[{"href":"http:\/\/sanignacioconcepcion.cl\/sitio\/wp-json\/wp\/v2\/media?parent=10001"}],"wp:term":[{"taxonomy":"category","embeddable":true,"href":"http:\/\/sanignacioconcepcion.cl\/sitio\/wp-json\/wp\/v2\/categories?post=10001"},{"taxonomy":"post_tag","embeddable":true,"href":"http:\/\/sanignacioconcepcion.cl\/sitio\/wp-json\/wp\/v2\/tags?post=10001"}],"curies":[{"name":"wp","href":"https:\/\/api.w.org\/{rel}","templated":true}]}}