{"id":10008,"date":"2025-05-22T10:14:59","date_gmt":"2025-05-22T14:14:59","guid":{"rendered":"https:\/\/sanignacioconcepcion.cl\/sitio\/?p=10008"},"modified":"2025-05-22T10:14:59","modified_gmt":"2025-05-22T14:14:59","slug":"ii-reunion-de-apoderados-2025","status":"publish","type":"post","link":"http:\/\/sanignacioconcepcion.cl\/sitio\/ii-reunion-de-apoderados-2025\/","title":{"rendered":"II Reuni\u00f3n de apoderados 2025"},"content":{"rendered":"<p data-start=\"130\" data-end=\"168\">Estimadas madres, padres y apoderados:<\/p>\n<p data-start=\"170\" data-end=\"308\">Junto con saludarles cordialmente, informamos que se realizar\u00e1 la <strong data-start=\"236\" data-end=\"269\">segunda reuni\u00f3n de apoderados<\/strong> del a\u00f1o seg\u00fan el siguiente calendario:<\/p>\n<ul data-start=\"310\" data-end=\"452\">\n<li data-start=\"310\" data-end=\"383\">\n<p data-start=\"312\" data-end=\"383\"><strong data-start=\"312\" data-end=\"335\">Ciclo Loyola &#8211; Roma<\/strong>: martes <strong data-start=\"344\" data-end=\"358\">27 de mayo<\/strong> a las <strong data-start=\"365\" data-end=\"380\">19:00 horas<\/strong>.<\/p>\n<\/li>\n<li data-start=\"384\" data-end=\"452\">\n<p data-start=\"386\" data-end=\"452\"><strong data-start=\"386\" data-end=\"403\">Ciclo Manresa<\/strong>: mi\u00e9rcoles <strong data-start=\"415\" data-end=\"429\">28 de mayo<\/strong> a las <strong data-start=\"436\" data-end=\"451\">19:00 horas<\/strong>.<\/p>\n<\/li>\n<\/ul>\n<p data-start=\"454\" data-end=\"610\">La participaci\u00f3n de cada apoderado es fundamental para acompa\u00f1ar el proceso formativo de sus hijos e hijas. Agradecemos desde ya su asistencia y compromiso.<\/p>\n","protected":false},"excerpt":{"rendered":"<p>Estimadas madres, padres y apoderados: Junto con saludarles cordialmente, informamos que se realizar\u00e1 la segunda reuni\u00f3n de apoderados del a\u00f1o seg\u00fan el siguiente calendario: Ciclo Loyola &#8211; Roma: martes 27 de mayo a las 19:00 horas. Ciclo Manresa: mi\u00e9rcoles 28 de mayo a las 19:00 horas. La participaci\u00f3n de cada apoderado es fundamental para acompa\u00f1ar&hellip;<\/p>\n","protected":false},"author":1,"featured_media":0,"comment_status":"closed","ping_status":"closed","sticky":false,"template":"","format":"standard","meta":[],"categories":[3],"tags":[],"_links":{"self":[{"href":"http:\/\/sanignacioconcepcion.cl\/sitio\/wp-json\/wp\/v2\/posts\/10008"}],"collection":[{"href":"http:\/\/sanignacioconcepcion.cl\/sitio\/wp-json\/wp\/v2\/posts"}],"about":[{"href":"http:\/\/sanignacioconcepcion.cl\/sitio\/wp-json\/wp\/v2\/types\/post"}],"author":[{"embeddable":true,"href":"http:\/\/sanignacioconcepcion.cl\/sitio\/wp-json\/wp\/v2\/users\/1"}],"replies":[{"embeddable":true,"href":"http:\/\/sanignacioconcepcion.cl\/sitio\/wp-json\/wp\/v2\/comments?post=10008"}],"version-history":[{"count":1,"href":"http:\/\/sanignacioconcepcion.cl\/sitio\/wp-json\/wp\/v2\/posts\/10008\/revisions"}],"predecessor-version":[{"id":10009,"href":"http:\/\/sanignacioconcepcion.cl\/sitio\/wp-json\/wp\/v2\/posts\/10008\/revisions\/10009"}],"wp:attachment":[{"href":"http:\/\/sanignacioconcepcion.cl\/sitio\/wp-json\/wp\/v2\/media?parent=10008"}],"wp:term":[{"taxonomy":"category","embeddable":true,"href":"http:\/\/sanignacioconcepcion.cl\/sitio\/wp-json\/wp\/v2\/categories?post=10008"},{"taxonomy":"post_tag","embeddable":true,"href":"http:\/\/sanignacioconcepcion.cl\/sitio\/wp-json\/wp\/v2\/tags?post=10008"}],"curies":[{"name":"wp","href":"https:\/\/api.w.org\/{rel}","templated":true}]}}