{"id":10010,"date":"2025-05-22T13:56:31","date_gmt":"2025-05-22T17:56:31","guid":{"rendered":"https:\/\/sanignacioconcepcion.cl\/sitio\/?p=10010"},"modified":"2025-05-22T13:56:31","modified_gmt":"2025-05-22T17:56:31","slug":"jornada-de-convivencia-escolar-para-educadores","status":"publish","type":"post","link":"http:\/\/sanignacioconcepcion.cl\/sitio\/jornada-de-convivencia-escolar-para-educadores\/","title":{"rendered":"Jornada de Convivencia Escolar para educadores"},"content":{"rendered":"<p data-start=\"217\" data-end=\"558\">El pasado <strong data-start=\"227\" data-end=\"248\">martes 20 de mayo<\/strong>, durante la tarde, los educadores de nuestra comunidad participaron en una <strong data-start=\"324\" data-end=\"358\">jornada de convivencia escolar<\/strong> que tuvo como principal objetivo <strong data-start=\"392\" data-end=\"466\">reflexionar colectivamente sobre situaciones cotidianas de convivencia<\/strong>, poniendo especial \u00e9nfasis en el <strong data-start=\"500\" data-end=\"557\">buen trato, el respeto mutuo y el cuidado del entorno<\/strong>.<\/p>\n<p data-start=\"560\" data-end=\"967\">Este espacio permiti\u00f3 a los equipos de trabajo <strong data-start=\"607\" data-end=\"662\">compartir experiencias, inquietudes y apreciaciones<\/strong> en torno a las din\u00e1micas que se viven d\u00eda a d\u00eda con nuestros estudiantes. A trav\u00e9s de distintos momentos de an\u00e1lisis y di\u00e1logo, se abordaron temas que invitan a repensar nuestras pr\u00e1cticas educativas y a <strong data-start=\"867\" data-end=\"966\">fortalecer una cultura escolar basada en el respeto, la empat\u00eda y la responsabilidad compartida<\/strong>.<\/p>\n<p data-start=\"969\" data-end=\"1179\">Agradecemos la participaci\u00f3n activa, el compromiso y la disposici\u00f3n de cada uno de los asistentes, elementos clave para seguir construyendo una comunidad educativa m\u00e1s consciente y acogedora para todos y todas. <span style=\"color: #800000;\"><strong><a style=\"color: #800000;\" href=\"https:\/\/photos.app.goo.gl\/wnAUTGuDJ5RHdWCn9\">Ver fotos<\/a><\/strong><\/span><\/p>\n","protected":false},"excerpt":{"rendered":"<p>El pasado martes 20 de mayo, durante la tarde, los educadores de nuestra comunidad participaron en una jornada de convivencia escolar que tuvo como principal objetivo reflexionar colectivamente sobre situaciones cotidianas de convivencia, poniendo especial \u00e9nfasis en el buen trato, el respeto mutuo y el cuidado del entorno. Este espacio permiti\u00f3 a los equipos de&hellip;<\/p>\n","protected":false},"author":1,"featured_media":10011,"comment_status":"closed","ping_status":"closed","sticky":false,"template":"","format":"standard","meta":[],"categories":[4],"tags":[],"_links":{"self":[{"href":"http:\/\/sanignacioconcepcion.cl\/sitio\/wp-json\/wp\/v2\/posts\/10010"}],"collection":[{"href":"http:\/\/sanignacioconcepcion.cl\/sitio\/wp-json\/wp\/v2\/posts"}],"about":[{"href":"http:\/\/sanignacioconcepcion.cl\/sitio\/wp-json\/wp\/v2\/types\/post"}],"author":[{"embeddable":true,"href":"http:\/\/sanignacioconcepcion.cl\/sitio\/wp-json\/wp\/v2\/users\/1"}],"replies":[{"embeddable":true,"href":"http:\/\/sanignacioconcepcion.cl\/sitio\/wp-json\/wp\/v2\/comments?post=10010"}],"version-history":[{"count":1,"href":"http:\/\/sanignacioconcepcion.cl\/sitio\/wp-json\/wp\/v2\/posts\/10010\/revisions"}],"predecessor-version":[{"id":10012,"href":"http:\/\/sanignacioconcepcion.cl\/sitio\/wp-json\/wp\/v2\/posts\/10010\/revisions\/10012"}],"wp:featuredmedia":[{"embeddable":true,"href":"http:\/\/sanignacioconcepcion.cl\/sitio\/wp-json\/wp\/v2\/media\/10011"}],"wp:attachment":[{"href":"http:\/\/sanignacioconcepcion.cl\/sitio\/wp-json\/wp\/v2\/media?parent=10010"}],"wp:term":[{"taxonomy":"category","embeddable":true,"href":"http:\/\/sanignacioconcepcion.cl\/sitio\/wp-json\/wp\/v2\/categories?post=10010"},{"taxonomy":"post_tag","embeddable":true,"href":"http:\/\/sanignacioconcepcion.cl\/sitio\/wp-json\/wp\/v2\/tags?post=10010"}],"curies":[{"name":"wp","href":"https:\/\/api.w.org\/{rel}","templated":true}]}}