{"id":10016,"date":"2025-05-22T15:04:07","date_gmt":"2025-05-22T19:04:07","guid":{"rendered":"https:\/\/sanignacioconcepcion.cl\/sitio\/?p=10016"},"modified":"2025-05-22T15:04:07","modified_gmt":"2025-05-22T19:04:07","slug":"superheroes-en-accion-por-la-convivencia-escolar","status":"publish","type":"post","link":"http:\/\/sanignacioconcepcion.cl\/sitio\/superheroes-en-accion-por-la-convivencia-escolar\/","title":{"rendered":"\u00a1Superh\u00e9roes en acci\u00f3n por la Convivencia Escolar!"},"content":{"rendered":"<p data-start=\"158\" data-end=\"412\">En el marco de la Semana de la Convivencia Escolar, los estudiantes del Ciclo Roma se transformaron en superh\u00e9roes y visitaron a los ni\u00f1os y ni\u00f1as de Preb\u00e1sica, llev\u00e1ndoles alegr\u00eda, mensajes de buen trato y respeto por el entorno .<\/p>\n<p data-start=\"414\" data-end=\"681\">Entre los personajes estuvieron el S\u00faper H\u00e9roe del Respeto, de la Empat\u00eda, de los Valores, Mr. Smile y Mr. Limpieza, entre otros. \u00a1Una hermosa iniciativa que uni\u00f3 generaciones en torno a los valores que queremos vivir cada d\u00eda!. <a href=\"https:\/\/photos.app.goo.gl\/z44F5fHTX5nDHkyb9\"><span style=\"color: #800000;\"><strong>Ver fotos<\/strong><\/span><\/a><\/p>\n","protected":false},"excerpt":{"rendered":"<p>En el marco de la Semana de la Convivencia Escolar, los estudiantes del Ciclo Roma se transformaron en superh\u00e9roes y visitaron a los ni\u00f1os y ni\u00f1as de Preb\u00e1sica, llev\u00e1ndoles alegr\u00eda, mensajes de buen trato y respeto por el entorno . Entre los personajes estuvieron el S\u00faper H\u00e9roe del Respeto, de la Empat\u00eda, de los Valores,&hellip;<\/p>\n","protected":false},"author":1,"featured_media":10017,"comment_status":"closed","ping_status":"closed","sticky":false,"template":"","format":"standard","meta":[],"categories":[4],"tags":[],"_links":{"self":[{"href":"http:\/\/sanignacioconcepcion.cl\/sitio\/wp-json\/wp\/v2\/posts\/10016"}],"collection":[{"href":"http:\/\/sanignacioconcepcion.cl\/sitio\/wp-json\/wp\/v2\/posts"}],"about":[{"href":"http:\/\/sanignacioconcepcion.cl\/sitio\/wp-json\/wp\/v2\/types\/post"}],"author":[{"embeddable":true,"href":"http:\/\/sanignacioconcepcion.cl\/sitio\/wp-json\/wp\/v2\/users\/1"}],"replies":[{"embeddable":true,"href":"http:\/\/sanignacioconcepcion.cl\/sitio\/wp-json\/wp\/v2\/comments?post=10016"}],"version-history":[{"count":1,"href":"http:\/\/sanignacioconcepcion.cl\/sitio\/wp-json\/wp\/v2\/posts\/10016\/revisions"}],"predecessor-version":[{"id":10018,"href":"http:\/\/sanignacioconcepcion.cl\/sitio\/wp-json\/wp\/v2\/posts\/10016\/revisions\/10018"}],"wp:featuredmedia":[{"embeddable":true,"href":"http:\/\/sanignacioconcepcion.cl\/sitio\/wp-json\/wp\/v2\/media\/10017"}],"wp:attachment":[{"href":"http:\/\/sanignacioconcepcion.cl\/sitio\/wp-json\/wp\/v2\/media?parent=10016"}],"wp:term":[{"taxonomy":"category","embeddable":true,"href":"http:\/\/sanignacioconcepcion.cl\/sitio\/wp-json\/wp\/v2\/categories?post=10016"},{"taxonomy":"post_tag","embeddable":true,"href":"http:\/\/sanignacioconcepcion.cl\/sitio\/wp-json\/wp\/v2\/tags?post=10016"}],"curies":[{"name":"wp","href":"https:\/\/api.w.org\/{rel}","templated":true}]}}