{"id":10022,"date":"2025-05-23T10:25:31","date_gmt":"2025-05-23T14:25:31","guid":{"rendered":"https:\/\/sanignacioconcepcion.cl\/sitio\/?p=10022"},"modified":"2025-05-23T10:25:31","modified_gmt":"2025-05-23T14:25:31","slug":"culmina-con-exito-la-semana-de-la-convivencia-escolar-en-nuestro-colegio","status":"publish","type":"post","link":"http:\/\/sanignacioconcepcion.cl\/sitio\/culmina-con-exito-la-semana-de-la-convivencia-escolar-en-nuestro-colegio\/","title":{"rendered":"Culmina con \u00e9xito la Semana de la Convivencia Escolar en nuestro colegio"},"content":{"rendered":"<p>Este viernes 23 de mayo finaliz\u00f3 la Semana de la Convivencia Escolar, una instancia que nos invita a reflexionar, compartir y fortalecer los lazos que nos unen como comunidad educativa. Por este motivo, durante toda la semana, se llevaron a cabo diversas actividades orientadas a promover el respeto, la empat\u00eda y la participaci\u00f3n activa de todos los estamentos del colegio.<\/p>\n<p>Una de esas iniciativas fue zumba en el primer recreo, organizada por el Equipo de Pastoral y Convivencia Escolar, la cual se realiz\u00f3 los d\u00edas martes 20, jueves 22 y viernes 23 de mayo y\u00a0 \u00a0tuvo como objetivo fomentar la participaci\u00f3n colectiva y brindar un espacio recreativo que contribuyera a una sana convivencia.<\/p>\n<p>Las sesiones fueron guiadas por Nicol Sep\u00falveda, exalumna del colegio, enfermera de profesi\u00f3n y profesora de zumba, quien con entusiasmo y energ\u00eda motiv\u00f3 a nuestros estudiantes a comenzar la jornada con movimiento y alegr\u00eda.<\/p>\n<p>\u00a1Seguimos construyendo juntos una convivencia escolar basada en el respeto, la inclusi\u00f3n y el cari\u00f1o! (<a href=\"https:\/\/photos.app.goo.gl\/26XMCqx6K2ZtXbkf7\"><span style=\"color: #800000;\"><strong>Ver fotos<\/strong><\/span><\/a>)<\/p>\n","protected":false},"excerpt":{"rendered":"<p>Este viernes 23 de mayo finaliz\u00f3 la Semana de la Convivencia Escolar, una instancia que nos invita a reflexionar, compartir y fortalecer los lazos que nos unen como comunidad educativa. Por este motivo, durante toda la semana, se llevaron a cabo diversas actividades orientadas a promover el respeto, la empat\u00eda y la participaci\u00f3n activa de&hellip;<\/p>\n","protected":false},"author":1,"featured_media":10026,"comment_status":"closed","ping_status":"closed","sticky":false,"template":"","format":"standard","meta":[],"categories":[4],"tags":[],"_links":{"self":[{"href":"http:\/\/sanignacioconcepcion.cl\/sitio\/wp-json\/wp\/v2\/posts\/10022"}],"collection":[{"href":"http:\/\/sanignacioconcepcion.cl\/sitio\/wp-json\/wp\/v2\/posts"}],"about":[{"href":"http:\/\/sanignacioconcepcion.cl\/sitio\/wp-json\/wp\/v2\/types\/post"}],"author":[{"embeddable":true,"href":"http:\/\/sanignacioconcepcion.cl\/sitio\/wp-json\/wp\/v2\/users\/1"}],"replies":[{"embeddable":true,"href":"http:\/\/sanignacioconcepcion.cl\/sitio\/wp-json\/wp\/v2\/comments?post=10022"}],"version-history":[{"count":1,"href":"http:\/\/sanignacioconcepcion.cl\/sitio\/wp-json\/wp\/v2\/posts\/10022\/revisions"}],"predecessor-version":[{"id":10027,"href":"http:\/\/sanignacioconcepcion.cl\/sitio\/wp-json\/wp\/v2\/posts\/10022\/revisions\/10027"}],"wp:featuredmedia":[{"embeddable":true,"href":"http:\/\/sanignacioconcepcion.cl\/sitio\/wp-json\/wp\/v2\/media\/10026"}],"wp:attachment":[{"href":"http:\/\/sanignacioconcepcion.cl\/sitio\/wp-json\/wp\/v2\/media?parent=10022"}],"wp:term":[{"taxonomy":"category","embeddable":true,"href":"http:\/\/sanignacioconcepcion.cl\/sitio\/wp-json\/wp\/v2\/categories?post=10022"},{"taxonomy":"post_tag","embeddable":true,"href":"http:\/\/sanignacioconcepcion.cl\/sitio\/wp-json\/wp\/v2\/tags?post=10022"}],"curies":[{"name":"wp","href":"https:\/\/api.w.org\/{rel}","templated":true}]}}