{"id":10029,"date":"2025-05-27T15:21:50","date_gmt":"2025-05-27T19:21:50","guid":{"rendered":"https:\/\/sanignacioconcepcion.cl\/sitio\/?p=10029"},"modified":"2025-05-27T15:21:50","modified_gmt":"2025-05-27T19:21:50","slug":"reprogramacion-de-reunion-de-apoderados-3-basico-c","status":"publish","type":"post","link":"http:\/\/sanignacioconcepcion.cl\/sitio\/reprogramacion-de-reunion-de-apoderados-3-basico-c\/","title":{"rendered":"Reprogramaci\u00f3n de Reuni\u00f3n de Apoderados \u2013 3\u00b0 B\u00e1sico C"},"content":{"rendered":"<p data-start=\"150\" data-end=\"179\">Estimada comunidad educativa:<\/p>\n<p data-start=\"181\" data-end=\"382\">Informamos a los apoderados del curso <strong data-start=\"219\" data-end=\"234\">3\u00b0 B\u00e1sico C<\/strong> que la reuni\u00f3n de apoderados ha sido <strong data-start=\"310\" data-end=\"326\">reprogramada<\/strong> para el d\u00eda <strong data-start=\"339\" data-end=\"381\">mi\u00e9rcoles 4 de junio a las 19:00 horas<\/strong>.<\/p>\n<p data-start=\"384\" data-end=\"529\">Agradecemos desde ya su comprensi\u00f3n<\/p>\n<p data-start=\"384\" data-end=\"529\">Atentamente,<\/p>\n<p data-start=\"384\" data-end=\"529\">Direcci\u00f3n de Ciclo<\/p>\n","protected":false},"excerpt":{"rendered":"<p>Estimada comunidad educativa: Informamos a los apoderados del curso 3\u00b0 B\u00e1sico C que la reuni\u00f3n de apoderados ha sido reprogramada para el d\u00eda mi\u00e9rcoles 4 de junio a las 19:00 horas. Agradecemos desde ya su comprensi\u00f3n Atentamente, Direcci\u00f3n de Ciclo<\/p>\n","protected":false},"author":1,"featured_media":0,"comment_status":"closed","ping_status":"closed","sticky":false,"template":"","format":"standard","meta":[],"categories":[3],"tags":[],"_links":{"self":[{"href":"http:\/\/sanignacioconcepcion.cl\/sitio\/wp-json\/wp\/v2\/posts\/10029"}],"collection":[{"href":"http:\/\/sanignacioconcepcion.cl\/sitio\/wp-json\/wp\/v2\/posts"}],"about":[{"href":"http:\/\/sanignacioconcepcion.cl\/sitio\/wp-json\/wp\/v2\/types\/post"}],"author":[{"embeddable":true,"href":"http:\/\/sanignacioconcepcion.cl\/sitio\/wp-json\/wp\/v2\/users\/1"}],"replies":[{"embeddable":true,"href":"http:\/\/sanignacioconcepcion.cl\/sitio\/wp-json\/wp\/v2\/comments?post=10029"}],"version-history":[{"count":1,"href":"http:\/\/sanignacioconcepcion.cl\/sitio\/wp-json\/wp\/v2\/posts\/10029\/revisions"}],"predecessor-version":[{"id":10030,"href":"http:\/\/sanignacioconcepcion.cl\/sitio\/wp-json\/wp\/v2\/posts\/10029\/revisions\/10030"}],"wp:attachment":[{"href":"http:\/\/sanignacioconcepcion.cl\/sitio\/wp-json\/wp\/v2\/media?parent=10029"}],"wp:term":[{"taxonomy":"category","embeddable":true,"href":"http:\/\/sanignacioconcepcion.cl\/sitio\/wp-json\/wp\/v2\/categories?post=10029"},{"taxonomy":"post_tag","embeddable":true,"href":"http:\/\/sanignacioconcepcion.cl\/sitio\/wp-json\/wp\/v2\/tags?post=10029"}],"curies":[{"name":"wp","href":"https:\/\/api.w.org\/{rel}","templated":true}]}}