{"id":10045,"date":"2025-06-02T11:36:05","date_gmt":"2025-06-02T15:36:05","guid":{"rendered":"https:\/\/sanignacioconcepcion.cl\/sitio\/?p=10045"},"modified":"2025-06-02T12:18:28","modified_gmt":"2025-06-02T16:18:28","slug":"destacada-participacion-en-torneo-zonal-de-ajedrez-juegos-escolares-ind","status":"publish","type":"post","link":"http:\/\/sanignacioconcepcion.cl\/sitio\/destacada-participacion-en-torneo-zonal-de-ajedrez-juegos-escolares-ind\/","title":{"rendered":"Destacada Participaci\u00f3n en Torneo Zonal de Ajedrez \u2013 Juegos Escolares IND"},"content":{"rendered":"<p data-start=\"180\" data-end=\"457\">Este viernes por la ma\u00f1ana, nueve estudiantes de nuestro colegio, desde 6\u00b0 b\u00e1sico hasta 1\u00b0 medio, participaron con entusiasmo en el <strong data-start=\"311\" data-end=\"338\">Torneo Zonal de Ajedrez<\/strong> de los <strong data-start=\"346\" data-end=\"370\">Juegos Escolares IND.<\/strong><\/p>\n<p data-start=\"459\" data-end=\"663\">Queremos destacar y felicitar especialmente a <strong data-start=\"505\" data-end=\"531\">Juli\u00e1n Becerra \u00c1lvarez<\/strong>, quien logr\u00f3 una excelente participaci\u00f3n y clasific\u00f3 al <strong data-start=\"588\" data-end=\"622\">Torneo Regional de Ajedrez U14<\/strong>, demostrando gran talento y preparaci\u00f3n.<\/p>\n<p data-start=\"665\" data-end=\"855\">Valoramos profundamente el compromiso de todos nuestros estudiantes en esta instancia, que promueve no solo el desarrollo intelectual, sino tambi\u00e9n el compa\u00f1erismo y el crecimiento personal.<\/p>\n<p data-start=\"857\" data-end=\"969\">\u00a1Mucho \u00e9xito a Juli\u00e1n en la siguiente etapa y felicitaciones a todo el equipo por su destacada participaci\u00f3n!<\/p>\n","protected":false},"excerpt":{"rendered":"<p>Este viernes por la ma\u00f1ana, nueve estudiantes de nuestro colegio, desde 6\u00b0 b\u00e1sico hasta 1\u00b0 medio, participaron con entusiasmo en el Torneo Zonal de Ajedrez de los Juegos Escolares IND. Queremos destacar y felicitar especialmente a Juli\u00e1n Becerra \u00c1lvarez, quien logr\u00f3 una excelente participaci\u00f3n y clasific\u00f3 al Torneo Regional de Ajedrez U14, demostrando gran talento&hellip;<\/p>\n","protected":false},"author":1,"featured_media":10047,"comment_status":"closed","ping_status":"closed","sticky":false,"template":"","format":"standard","meta":[],"categories":[4],"tags":[],"_links":{"self":[{"href":"http:\/\/sanignacioconcepcion.cl\/sitio\/wp-json\/wp\/v2\/posts\/10045"}],"collection":[{"href":"http:\/\/sanignacioconcepcion.cl\/sitio\/wp-json\/wp\/v2\/posts"}],"about":[{"href":"http:\/\/sanignacioconcepcion.cl\/sitio\/wp-json\/wp\/v2\/types\/post"}],"author":[{"embeddable":true,"href":"http:\/\/sanignacioconcepcion.cl\/sitio\/wp-json\/wp\/v2\/users\/1"}],"replies":[{"embeddable":true,"href":"http:\/\/sanignacioconcepcion.cl\/sitio\/wp-json\/wp\/v2\/comments?post=10045"}],"version-history":[{"count":2,"href":"http:\/\/sanignacioconcepcion.cl\/sitio\/wp-json\/wp\/v2\/posts\/10045\/revisions"}],"predecessor-version":[{"id":10056,"href":"http:\/\/sanignacioconcepcion.cl\/sitio\/wp-json\/wp\/v2\/posts\/10045\/revisions\/10056"}],"wp:featuredmedia":[{"embeddable":true,"href":"http:\/\/sanignacioconcepcion.cl\/sitio\/wp-json\/wp\/v2\/media\/10047"}],"wp:attachment":[{"href":"http:\/\/sanignacioconcepcion.cl\/sitio\/wp-json\/wp\/v2\/media?parent=10045"}],"wp:term":[{"taxonomy":"category","embeddable":true,"href":"http:\/\/sanignacioconcepcion.cl\/sitio\/wp-json\/wp\/v2\/categories?post=10045"},{"taxonomy":"post_tag","embeddable":true,"href":"http:\/\/sanignacioconcepcion.cl\/sitio\/wp-json\/wp\/v2\/tags?post=10045"}],"curies":[{"name":"wp","href":"https:\/\/api.w.org\/{rel}","templated":true}]}}