{"id":10049,"date":"2025-06-02T12:05:22","date_gmt":"2025-06-02T16:05:22","guid":{"rendered":"https:\/\/sanignacioconcepcion.cl\/sitio\/?p=10049"},"modified":"2025-06-12T12:33:06","modified_gmt":"2025-06-12T16:33:06","slug":"cafe-musical-1-semestre-2025","status":"publish","type":"post","link":"http:\/\/sanignacioconcepcion.cl\/sitio\/cafe-musical-1-semestre-2025\/","title":{"rendered":"Caf\u00e9 Musical 1\u00b0 Semestre 2025"},"content":{"rendered":"<p data-start=\"196\" data-end=\"499\">El pasado viernes 30 de mayo, el colegio vivi\u00f3 una jornada llena de talento y comunidad en el Caf\u00e9 Musical del 1\u00b0 semestre, actividad organizada por la asignatura de M\u00fasica con el objetivo de reunir fondos para la adquisici\u00f3n de equipamiento de microfon\u00eda y amplificaci\u00f3n para la sala de M\u00fasica.<\/p>\n<p data-start=\"501\" data-end=\"806\">Desde las 18:00 hasta las 21:00 hrs, el casino del primer piso se transform\u00f3 en un escenario vibrante, donde 17 bandas estudiantiles, formadas por alumnos y alumnas de Educaci\u00f3n Media, compartieron su m\u00fasica frente a un p\u00fablico entusiasta compuesto por familias, compa\u00f1eros, docentes y apoderados.<\/p>\n<p data-start=\"808\" data-end=\"1076\">Uno de los elementos m\u00e1s destacados de la jornada fue la participaci\u00f3n activa del Centro de Padres, Madres y Apoderados (CPA), quienes gestionaron el kiosko con diversas opciones para comer y beber, generando un ambiente c\u00e1lido y de encuentro en torno a la m\u00fasica.<\/p>\n<p data-start=\"1078\" data-end=\"1187\">El profesor Antonio Painemal, jefe del Departamento de Artes, expres\u00f3 su satisfacci\u00f3n con los resultados:<\/p>\n<blockquote data-start=\"1189\" data-end=\"2173\">\n<p data-start=\"1191\" data-end=\"1931\">\u201cEste primer Caf\u00e9 Musical fue todo un \u00e9xito, no solo por la excelente asistencia y la energ\u00eda del p\u00fablico, sino tambi\u00e9n porque logramos recaudar $1.070.000. Lo m\u00e1s valioso fue la colaboraci\u00f3n de toda la comunidad: estudiantes, docentes, asistentes y apoderad@s, todos comprometidos con una causa com\u00fan. Gracias al trabajo en equipo, no tuvimos que gastar nada de lo recaudado en amplificaci\u00f3n, ya que los apoderados cubrieron ese gasto adicional. As\u00ed, todos los fondos podr\u00e1n ser destinados a la compra del equipamiento que la sala de M\u00fasica necesita. Estamos comenzando las cotizaciones, y si bien no alcanzaremos a comprar todo ahora, planeamos completar la adquisici\u00f3n con lo que se logre reunir en el segundo Caf\u00e9 Musical del a\u00f1o\u00bb.<\/p>\n<\/blockquote>\n<p data-start=\"2175\" data-end=\"2436\">Y agradeci\u00f3 especialmente a los profesores Marisol \u00c1lvarez y Felipe Mu\u00f1oz, por su compromiso y disposici\u00f3n, ya que su apoyo fue fundamental para el desarrollo de esta actividad.<\/p>\n<p data-start=\"2175\" data-end=\"2436\">Actividades como esta no solo promueven la expresi\u00f3n art\u00edstica, sino que tambi\u00e9n refuerzan los lazos entre los distintos estamentos de nuestra comunidad educativa. Agradecemos profundamente a todas las personas que hicieron posible esta experiencia inolvidable.<\/p>\n<p data-start=\"2175\" data-end=\"2436\"><a href=\"https:\/\/drive.google.com\/drive\/folders\/14Lqy61UqYIJk8LRDcarnvAlh-LZnThSC?usp=drive_link\">Fotos CASI Roma<\/a><\/p>\n","protected":false},"excerpt":{"rendered":"<p>El pasado viernes 30 de mayo, el colegio vivi\u00f3 una jornada llena de talento y comunidad en el Caf\u00e9 Musical del 1\u00b0 semestre, actividad organizada por la asignatura de M\u00fasica con el objetivo de reunir fondos para la adquisici\u00f3n de equipamiento de microfon\u00eda y amplificaci\u00f3n para la sala de M\u00fasica. Desde las 18:00 hasta las&hellip;<\/p>\n","protected":false},"author":1,"featured_media":10050,"comment_status":"closed","ping_status":"closed","sticky":false,"template":"","format":"standard","meta":[],"categories":[4],"tags":[],"_links":{"self":[{"href":"http:\/\/sanignacioconcepcion.cl\/sitio\/wp-json\/wp\/v2\/posts\/10049"}],"collection":[{"href":"http:\/\/sanignacioconcepcion.cl\/sitio\/wp-json\/wp\/v2\/posts"}],"about":[{"href":"http:\/\/sanignacioconcepcion.cl\/sitio\/wp-json\/wp\/v2\/types\/post"}],"author":[{"embeddable":true,"href":"http:\/\/sanignacioconcepcion.cl\/sitio\/wp-json\/wp\/v2\/users\/1"}],"replies":[{"embeddable":true,"href":"http:\/\/sanignacioconcepcion.cl\/sitio\/wp-json\/wp\/v2\/comments?post=10049"}],"version-history":[{"count":4,"href":"http:\/\/sanignacioconcepcion.cl\/sitio\/wp-json\/wp\/v2\/posts\/10049\/revisions"}],"predecessor-version":[{"id":10127,"href":"http:\/\/sanignacioconcepcion.cl\/sitio\/wp-json\/wp\/v2\/posts\/10049\/revisions\/10127"}],"wp:featuredmedia":[{"embeddable":true,"href":"http:\/\/sanignacioconcepcion.cl\/sitio\/wp-json\/wp\/v2\/media\/10050"}],"wp:attachment":[{"href":"http:\/\/sanignacioconcepcion.cl\/sitio\/wp-json\/wp\/v2\/media?parent=10049"}],"wp:term":[{"taxonomy":"category","embeddable":true,"href":"http:\/\/sanignacioconcepcion.cl\/sitio\/wp-json\/wp\/v2\/categories?post=10049"},{"taxonomy":"post_tag","embeddable":true,"href":"http:\/\/sanignacioconcepcion.cl\/sitio\/wp-json\/wp\/v2\/tags?post=10049"}],"curies":[{"name":"wp","href":"https:\/\/api.w.org\/{rel}","templated":true}]}}