{"id":10052,"date":"2025-06-02T12:15:49","date_gmt":"2025-06-02T16:15:49","guid":{"rendered":"https:\/\/sanignacioconcepcion.cl\/sitio\/?p=10052"},"modified":"2025-06-02T12:15:49","modified_gmt":"2025-06-02T16:15:49","slug":"actividad-de-innovacion-en-aula-discusion-socializada-8a","status":"publish","type":"post","link":"http:\/\/sanignacioconcepcion.cl\/sitio\/actividad-de-innovacion-en-aula-discusion-socializada-8a\/","title":{"rendered":"Actividad de Innovaci\u00f3n en Aula: Discusi\u00f3n Socializada 8\u00b0A"},"content":{"rendered":"<p data-start=\"162\" data-end=\"364\">El pasado mi\u00e9rcoles 28 de mayo, el profesor Omar Gaete Riquelme llev\u00f3 a cabo una enriquecedora actividad de innovaci\u00f3n en aula con el curso 8\u00b0A, en el marco de la asignatura de Historia.<\/p>\n<p data-start=\"366\" data-end=\"879\">La instancia consisti\u00f3 en una discusi\u00f3n socializada cuyo tema central fue la Reforma de Mart\u00edn Lutero y la Contrarreforma de la Iglesia Cat\u00f3lica. Luego de varias semanas de preparaci\u00f3n, que incluyeron una valiosa charla impartida por el capell\u00e1n del colegio, los dos grupos de estudiantes participantes presentaron sus posturas a trav\u00e9s de argumentos y contraargumentos bien fundamentados, demostrando un alto nivel de comprensi\u00f3n y an\u00e1lisis del quiebre religioso que marc\u00f3 al catolicismo en el siglo XVI.<\/p>\n<p data-start=\"881\" data-end=\"1098\">El profesor Omar Gaete felicit\u00f3 al curso por su compromiso y participaci\u00f3n, y extendi\u00f3 un especial agradecimiento a la estudiante Carolina Rojas (2\u00b0MB) por su valiosa colaboraci\u00f3n en el desarrollo de la actividad.<\/p>\n","protected":false},"excerpt":{"rendered":"<p>El pasado mi\u00e9rcoles 28 de mayo, el profesor Omar Gaete Riquelme llev\u00f3 a cabo una enriquecedora actividad de innovaci\u00f3n en aula con el curso 8\u00b0A, en el marco de la asignatura de Historia. La instancia consisti\u00f3 en una discusi\u00f3n socializada cuyo tema central fue la Reforma de Mart\u00edn Lutero y la Contrarreforma de la Iglesia&hellip;<\/p>\n","protected":false},"author":1,"featured_media":10053,"comment_status":"closed","ping_status":"closed","sticky":false,"template":"","format":"standard","meta":[],"categories":[4],"tags":[],"_links":{"self":[{"href":"http:\/\/sanignacioconcepcion.cl\/sitio\/wp-json\/wp\/v2\/posts\/10052"}],"collection":[{"href":"http:\/\/sanignacioconcepcion.cl\/sitio\/wp-json\/wp\/v2\/posts"}],"about":[{"href":"http:\/\/sanignacioconcepcion.cl\/sitio\/wp-json\/wp\/v2\/types\/post"}],"author":[{"embeddable":true,"href":"http:\/\/sanignacioconcepcion.cl\/sitio\/wp-json\/wp\/v2\/users\/1"}],"replies":[{"embeddable":true,"href":"http:\/\/sanignacioconcepcion.cl\/sitio\/wp-json\/wp\/v2\/comments?post=10052"}],"version-history":[{"count":1,"href":"http:\/\/sanignacioconcepcion.cl\/sitio\/wp-json\/wp\/v2\/posts\/10052\/revisions"}],"predecessor-version":[{"id":10054,"href":"http:\/\/sanignacioconcepcion.cl\/sitio\/wp-json\/wp\/v2\/posts\/10052\/revisions\/10054"}],"wp:featuredmedia":[{"embeddable":true,"href":"http:\/\/sanignacioconcepcion.cl\/sitio\/wp-json\/wp\/v2\/media\/10053"}],"wp:attachment":[{"href":"http:\/\/sanignacioconcepcion.cl\/sitio\/wp-json\/wp\/v2\/media?parent=10052"}],"wp:term":[{"taxonomy":"category","embeddable":true,"href":"http:\/\/sanignacioconcepcion.cl\/sitio\/wp-json\/wp\/v2\/categories?post=10052"},{"taxonomy":"post_tag","embeddable":true,"href":"http:\/\/sanignacioconcepcion.cl\/sitio\/wp-json\/wp\/v2\/tags?post=10052"}],"curies":[{"name":"wp","href":"https:\/\/api.w.org\/{rel}","templated":true}]}}