{"id":10059,"date":"2025-06-03T09:26:21","date_gmt":"2025-06-03T13:26:21","guid":{"rendered":"https:\/\/sanignacioconcepcion.cl\/sitio\/?p=10059"},"modified":"2025-06-03T09:26:21","modified_gmt":"2025-06-03T13:26:21","slug":"nuestros-estudiantes-brillaron-en-la-gala-adicpa-de-gimnasia-artistica","status":"publish","type":"post","link":"http:\/\/sanignacioconcepcion.cl\/sitio\/nuestros-estudiantes-brillaron-en-la-gala-adicpa-de-gimnasia-artistica\/","title":{"rendered":"Nuestros estudiantes brillaron en la Gala ADICPA de Gimnasia Art\u00edstica"},"content":{"rendered":"<p data-start=\"254\" data-end=\"459\">Este s\u00e1bado 31 de mayo, nuestros estudiantes participaron en una hermosa jornada deportiva en el Colegio Concepci\u00f3n de San Pedro, donde se realizaron dos galas de gimnasia art\u00edstica organizadas por ADICPA.<\/p>\n<p data-start=\"461\" data-end=\"810\">La actividad reuni\u00f3 a ni\u00f1as y ni\u00f1os de 9 colegios de la zona, quienes compartieron una experiencia llena de entusiasmo, compa\u00f1erismo y movimiento. La jornada comenz\u00f3 con la gala Mini Mini, seguida por la categor\u00eda Pre Mini, y en ambas se desarrollaron estaciones de ejercicios que desafiaron las habilidades y destrezas de los participantes.<\/p>\n<p data-start=\"812\" data-end=\"1203\">Durante las presentaciones, nuestros gimnastas realizaron rutinas en suelo (con planos inclinados y pasadas libres), pruebas de equilibrio en vigas de diferentes alturas, saltos con variados tipos de trampolines y ejercicios en barra. Todo en un ambiente recreativo que permiti\u00f3 a los ni\u00f1os y ni\u00f1as conocer a otros gimnastas de su edad y observar sus propios avances dentro de la disciplina.<\/p>\n<p data-start=\"1205\" data-end=\"1400\">En la categor\u00eda Mini Mini, nos representaron 8 alumnas y 2 alumnos, y en la Pre Mini, participaron 17 alumnas y 1 alumno, quienes demostraron gran compromiso, alegr\u00eda y trabajo en equipo.<\/p>\n","protected":false},"excerpt":{"rendered":"<p>Este s\u00e1bado 31 de mayo, nuestros estudiantes participaron en una hermosa jornada deportiva en el Colegio Concepci\u00f3n de San Pedro, donde se realizaron dos galas de gimnasia art\u00edstica organizadas por ADICPA. La actividad reuni\u00f3 a ni\u00f1as y ni\u00f1os de 9 colegios de la zona, quienes compartieron una experiencia llena de entusiasmo, compa\u00f1erismo y movimiento. La&hellip;<\/p>\n","protected":false},"author":1,"featured_media":10060,"comment_status":"closed","ping_status":"closed","sticky":false,"template":"","format":"standard","meta":[],"categories":[4],"tags":[],"_links":{"self":[{"href":"http:\/\/sanignacioconcepcion.cl\/sitio\/wp-json\/wp\/v2\/posts\/10059"}],"collection":[{"href":"http:\/\/sanignacioconcepcion.cl\/sitio\/wp-json\/wp\/v2\/posts"}],"about":[{"href":"http:\/\/sanignacioconcepcion.cl\/sitio\/wp-json\/wp\/v2\/types\/post"}],"author":[{"embeddable":true,"href":"http:\/\/sanignacioconcepcion.cl\/sitio\/wp-json\/wp\/v2\/users\/1"}],"replies":[{"embeddable":true,"href":"http:\/\/sanignacioconcepcion.cl\/sitio\/wp-json\/wp\/v2\/comments?post=10059"}],"version-history":[{"count":1,"href":"http:\/\/sanignacioconcepcion.cl\/sitio\/wp-json\/wp\/v2\/posts\/10059\/revisions"}],"predecessor-version":[{"id":10061,"href":"http:\/\/sanignacioconcepcion.cl\/sitio\/wp-json\/wp\/v2\/posts\/10059\/revisions\/10061"}],"wp:featuredmedia":[{"embeddable":true,"href":"http:\/\/sanignacioconcepcion.cl\/sitio\/wp-json\/wp\/v2\/media\/10060"}],"wp:attachment":[{"href":"http:\/\/sanignacioconcepcion.cl\/sitio\/wp-json\/wp\/v2\/media?parent=10059"}],"wp:term":[{"taxonomy":"category","embeddable":true,"href":"http:\/\/sanignacioconcepcion.cl\/sitio\/wp-json\/wp\/v2\/categories?post=10059"},{"taxonomy":"post_tag","embeddable":true,"href":"http:\/\/sanignacioconcepcion.cl\/sitio\/wp-json\/wp\/v2\/tags?post=10059"}],"curies":[{"name":"wp","href":"https:\/\/api.w.org\/{rel}","templated":true}]}}