{"id":10062,"date":"2025-06-04T09:26:30","date_gmt":"2025-06-04T13:26:30","guid":{"rendered":"https:\/\/sanignacioconcepcion.cl\/sitio\/?p=10062"},"modified":"2025-06-04T09:49:34","modified_gmt":"2025-06-04T13:49:34","slug":"participacion-en-el-torneo-de-despedida-de-4os-medios-en-puerto-montt","status":"publish","type":"post","link":"http:\/\/sanignacioconcepcion.cl\/sitio\/participacion-en-el-torneo-de-despedida-de-4os-medios-en-puerto-montt\/","title":{"rendered":"Participaci\u00f3n en el Torneo de Despedida de 4\u00bas Medios en Puerto Montt"},"content":{"rendered":"<p data-start=\"96\" data-end=\"333\">Entre los d\u00edas 29 y 31 de mayo, un grupo de estudiantes desde 1\u00ba a 4\u00ba medio de nuestro colegio particip\u00f3 en el Campeonato de B\u00e1squetbol Despedida 4\u00bas Medios, organizado por el Colegio San Francisco Javier de Puerto Montt.<\/p>\n<p data-start=\"335\" data-end=\"547\">Este encuentro reuni\u00f3 a estudiantes del Colegio San Mateo de Osorno, el Colegio Inmaculada Concepci\u00f3n de Puerto Montt, el Colegio San Javier de Puerto Montt y el Colegio San Ignacio de Concepci\u00f3n.<\/p>\n<p data-start=\"549\" data-end=\"953\">El torneo no solo fue una instancia deportiva, sino tambi\u00e9n una emotiva ceremonia de cierre para las estudiantes de 4\u00ba medio, quienes han vivido con pasi\u00f3n y compromiso los torneos jesuitas durante su trayectoria escolar. Como parte del homenaje, se hizo entrega de una camiseta enmarcada y flores a cada jugadora, simbolizando el reconocimiento y gratitud por su dedicaci\u00f3n y esp\u00edritu deportivo.<\/p>\n<p data-start=\"955\" data-end=\"1167\">El profesor de Educaci\u00f3n F\u00edsica y B\u00e1squetbol, Nicol\u00e1s Noriega, acompa\u00f1\u00f3 a las estudiantes y destac\u00f3 a Monserrat Alarc\u00f3n, del 4\u00ba Medio B, quien fue elegida para integrar el Equipo Ideal del Torneo.<\/p>\n<p data-start=\"1169\" data-end=\"1321\">Felicitamos a todas nuestras estudiantes por representar con entusiasmo, respeto y compa\u00f1erismo los valores ignacianos, dentro y fuera de la cancha.<a href=\"https:\/\/photos.app.goo.gl\/A3SXGksTxgWmPYQi6\"><span style=\"color: #800000;\"><strong> Ver fotos<\/strong><\/span><\/a><\/p>\n","protected":false},"excerpt":{"rendered":"<p>Entre los d\u00edas 29 y 31 de mayo, un grupo de estudiantes desde 1\u00ba a 4\u00ba medio de nuestro colegio particip\u00f3 en el Campeonato de B\u00e1squetbol Despedida 4\u00bas Medios, organizado por el Colegio San Francisco Javier de Puerto Montt. Este encuentro reuni\u00f3 a estudiantes del Colegio San Mateo de Osorno, el Colegio Inmaculada Concepci\u00f3n de&hellip;<\/p>\n","protected":false},"author":1,"featured_media":10063,"comment_status":"closed","ping_status":"closed","sticky":false,"template":"","format":"standard","meta":[],"categories":[4],"tags":[],"_links":{"self":[{"href":"http:\/\/sanignacioconcepcion.cl\/sitio\/wp-json\/wp\/v2\/posts\/10062"}],"collection":[{"href":"http:\/\/sanignacioconcepcion.cl\/sitio\/wp-json\/wp\/v2\/posts"}],"about":[{"href":"http:\/\/sanignacioconcepcion.cl\/sitio\/wp-json\/wp\/v2\/types\/post"}],"author":[{"embeddable":true,"href":"http:\/\/sanignacioconcepcion.cl\/sitio\/wp-json\/wp\/v2\/users\/1"}],"replies":[{"embeddable":true,"href":"http:\/\/sanignacioconcepcion.cl\/sitio\/wp-json\/wp\/v2\/comments?post=10062"}],"version-history":[{"count":2,"href":"http:\/\/sanignacioconcepcion.cl\/sitio\/wp-json\/wp\/v2\/posts\/10062\/revisions"}],"predecessor-version":[{"id":10069,"href":"http:\/\/sanignacioconcepcion.cl\/sitio\/wp-json\/wp\/v2\/posts\/10062\/revisions\/10069"}],"wp:featuredmedia":[{"embeddable":true,"href":"http:\/\/sanignacioconcepcion.cl\/sitio\/wp-json\/wp\/v2\/media\/10063"}],"wp:attachment":[{"href":"http:\/\/sanignacioconcepcion.cl\/sitio\/wp-json\/wp\/v2\/media?parent=10062"}],"wp:term":[{"taxonomy":"category","embeddable":true,"href":"http:\/\/sanignacioconcepcion.cl\/sitio\/wp-json\/wp\/v2\/categories?post=10062"},{"taxonomy":"post_tag","embeddable":true,"href":"http:\/\/sanignacioconcepcion.cl\/sitio\/wp-json\/wp\/v2\/tags?post=10062"}],"curies":[{"name":"wp","href":"https:\/\/api.w.org\/{rel}","templated":true}]}}