{"id":10072,"date":"2025-06-05T15:17:13","date_gmt":"2025-06-05T19:17:13","guid":{"rendered":"https:\/\/sanignacioconcepcion.cl\/sitio\/?p=10072"},"modified":"2025-06-05T15:17:48","modified_gmt":"2025-06-05T19:17:48","slug":"feria-preventiva-senda-promueve-el-bienestar-integral-en-el-colegio-san-ignacio","status":"publish","type":"post","link":"http:\/\/sanignacioconcepcion.cl\/sitio\/feria-preventiva-senda-promueve-el-bienestar-integral-en-el-colegio-san-ignacio\/","title":{"rendered":"Feria Preventiva SENDA promueve el bienestar integral en el Colegio San Ignacio"},"content":{"rendered":"<p data-start=\"223\" data-end=\"522\">Este jueves 5 de junio, durante el primer recreo, se desarroll\u00f3 en nuestro colegio la Feria Preventiva SENDA, una actividad orientada a promover el bienestar de los estudiantes y acercar la oferta program\u00e1tica de distintas instituciones vinculadas a la salud, prevenci\u00f3n y promoci\u00f3n de derechos.<\/p>\n<p data-start=\"524\" data-end=\"1104\">La feria cont\u00f3 con la participaci\u00f3n de diversos stands, entre ellos el CESFAM San Pedro, el Programa Lazos y Somos Barrio, la Fundaci\u00f3n Creseres, Umbral Catiray ONG, la Oficina de Infancia de la Municipalidad de San Pedro de la Paz, SENDA, la Oficina Local de la Ni\u00f1ez y el COSAM San Pedro de la Paz. Cada instituci\u00f3n present\u00f3 tem\u00e1ticas claves como el control integral del adolescente y m\u00e9todos anticonceptivos, la prevenci\u00f3n del consumo de alcohol y drogas, dietas saludables, reinserci\u00f3n educativa y la promoci\u00f3n de derechos de ni\u00f1os, ni\u00f1as y adolescentes.<\/p>\n<p data-start=\"1106\" data-end=\"1703\">La actividad fue parte de las acciones que nuestro colegio impulsa para fortalecer ambientes escolares sanos y seguros. En ese contexto, la psic\u00f3loga de ense\u00f1anza media, Erika Zuchel, explic\u00f3 que la feria se enmarca dentro del trabajo preventivo que realiza la comunidad educativa y as\u00ed, \u00ablos alumnos puedan conocer desde desde dentro los programas a los cuales pueden acudir en distintas circunstancias\u201d.<\/p>\n<p data-start=\"1705\" data-end=\"2124\">Asimismo, el capell\u00e1n del colegio, P. Juan Pablo Moyano, destac\u00f3 el valor de esta instancia como parte de un esfuerzo sostenido. No se trata de una acci\u00f3n aislada, sino de una cadena de acciones que incluyen clases de orientaci\u00f3n, intervenciones en los cursos y derivaciones de alumnos y familias. Este trabajo conjunto con las instituciones permite construir un entorno m\u00e1s sano y seguro para todos.<\/p>\n<p data-start=\"2126\" data-end=\"2839\">Durante la jornada, el alcalde de San Pedro de la Paz, Juan Pablo Spoerer, visit\u00f3 la feria y comparti\u00f3 con estudiantes y funcionarios. En su recorrido, valor\u00f3 el impacto de estas iniciativas, especialmente en comunidades escolares tan amplias como la nuestra:\u201cEstas ferias son valiosas no solo por la diversidad tem\u00e1tica que tratan \u2014como la vulneraci\u00f3n de derechos, el consumo de alcohol y drogas\u2014, sino tambi\u00e9n porque, particularmente en el caso del Colegio San Ignacio, hablamos de m\u00e1s de 1.700 alumnos. Esto requiere un esfuerzo focalizado que permite llegar a muchos estudiantes, a muchos ni\u00f1os, ni\u00f1as y adolescentes\u201d.<\/p>\n<p data-start=\"2841\" data-end=\"3099\">La jornada fue bien recibida por la comunidad educativa y reafirma el compromiso del Colegio San Ignacio con la formaci\u00f3n integral de sus estudiantes, generando v\u00ednculos con redes externas que enriquecen el trabajo educativo y preventivo del establecimiento. <span style=\"color: #800000;\"><a style=\"color: #800000;\" href=\"https:\/\/photos.app.goo.gl\/TBmdH8ownxuZsXa27\"><strong>Ver fotos<\/strong><\/a><\/span><\/p>\n","protected":false},"excerpt":{"rendered":"<p>Este jueves 5 de junio, durante el primer recreo, se desarroll\u00f3 en nuestro colegio la Feria Preventiva SENDA, una actividad orientada a promover el bienestar de los estudiantes y acercar la oferta program\u00e1tica de distintas instituciones vinculadas a la salud, prevenci\u00f3n y promoci\u00f3n de derechos. La feria cont\u00f3 con la participaci\u00f3n de diversos stands, entre&hellip;<\/p>\n","protected":false},"author":1,"featured_media":10073,"comment_status":"closed","ping_status":"closed","sticky":false,"template":"","format":"standard","meta":[],"categories":[4],"tags":[],"_links":{"self":[{"href":"http:\/\/sanignacioconcepcion.cl\/sitio\/wp-json\/wp\/v2\/posts\/10072"}],"collection":[{"href":"http:\/\/sanignacioconcepcion.cl\/sitio\/wp-json\/wp\/v2\/posts"}],"about":[{"href":"http:\/\/sanignacioconcepcion.cl\/sitio\/wp-json\/wp\/v2\/types\/post"}],"author":[{"embeddable":true,"href":"http:\/\/sanignacioconcepcion.cl\/sitio\/wp-json\/wp\/v2\/users\/1"}],"replies":[{"embeddable":true,"href":"http:\/\/sanignacioconcepcion.cl\/sitio\/wp-json\/wp\/v2\/comments?post=10072"}],"version-history":[{"count":1,"href":"http:\/\/sanignacioconcepcion.cl\/sitio\/wp-json\/wp\/v2\/posts\/10072\/revisions"}],"predecessor-version":[{"id":10074,"href":"http:\/\/sanignacioconcepcion.cl\/sitio\/wp-json\/wp\/v2\/posts\/10072\/revisions\/10074"}],"wp:featuredmedia":[{"embeddable":true,"href":"http:\/\/sanignacioconcepcion.cl\/sitio\/wp-json\/wp\/v2\/media\/10073"}],"wp:attachment":[{"href":"http:\/\/sanignacioconcepcion.cl\/sitio\/wp-json\/wp\/v2\/media?parent=10072"}],"wp:term":[{"taxonomy":"category","embeddable":true,"href":"http:\/\/sanignacioconcepcion.cl\/sitio\/wp-json\/wp\/v2\/categories?post=10072"},{"taxonomy":"post_tag","embeddable":true,"href":"http:\/\/sanignacioconcepcion.cl\/sitio\/wp-json\/wp\/v2\/tags?post=10072"}],"curies":[{"name":"wp","href":"https:\/\/api.w.org\/{rel}","templated":true}]}}