{"id":10075,"date":"2025-06-06T12:28:44","date_gmt":"2025-06-06T16:28:44","guid":{"rendered":"https:\/\/sanignacioconcepcion.cl\/sitio\/?p=10075"},"modified":"2025-06-06T12:31:32","modified_gmt":"2025-06-06T16:31:32","slug":"estudiantes-del-sic-participan-en-la-14a-olimpiada-de-matematica-intercolegios-ubb-2025","status":"publish","type":"post","link":"http:\/\/sanignacioconcepcion.cl\/sitio\/estudiantes-del-sic-participan-en-la-14a-olimpiada-de-matematica-intercolegios-ubb-2025\/","title":{"rendered":"Estudiantes del SIC participan en la 14\u00aa Olimpiada de Matem\u00e1tica Intercolegios UBB 2025"},"content":{"rendered":"<p><span style=\"font-weight: 400;\">Este viernes 6 de junio se desarroll\u00f3 la primera fase de la 14\u00aa Olimpiada de Matem\u00e1tica Intercolegios 2025, organizada por el Departamento de Matem\u00e1tica de la Universidad del B\u00edo-B\u00edo con la colaboraci\u00f3n del Colegio Concepci\u00f3n San Pedro.<\/span><\/p>\n<p><span style=\"font-weight: 400;\">En esta instancia participaron 15 estudiantes del Colegio San Ignacio de Concepci\u00f3n, desde 1\u00ba a 4\u00ba medio, quienes integran la Selecci\u00f3n Matem\u00e1tica SIC y representan con entusiasmo a nuestra comunidad educativa.<\/span><\/p>\n<p><span style=\"font-weight: 400;\">Los y las estudiantes son acompa\u00f1ados por la profesora Alejandra Barras y el profesor Joaqu\u00edn Gajardo, docentes que han impulsado activamente el desarrollo del pensamiento l\u00f3gico y matem\u00e1tico en el colegio.<\/span><\/p>\n<p><span style=\"font-weight: 400;\">La Olimpiada busca fomentar el gusto por la matem\u00e1tica, desarrollar habilidades de resoluci\u00f3n de problemas, creatividad y reflexi\u00f3n, adem\u00e1s de brindar un espacio de sana competencia entre estudiantes de las regiones del Biob\u00edo y \u00d1uble.<\/span><\/p>\n<p><span style=\"font-weight: 400;\">Esta competencia consta de tres fases: la primera, realizada hoy en el establecimiento; la segunda, programada para el 1 de agosto; y la tercera, el 27 de septiembre, que se llevar\u00e1 a cabo en la Universidad del B\u00edo-B\u00edo, campus Concepci\u00f3n. <a href=\"https:\/\/photos.app.goo.gl\/ftfURXEBsqeGR8149\"><span style=\"color: #800000;\"><strong>Ver fotos<\/strong><\/span><\/a><\/span><\/p>\n","protected":false},"excerpt":{"rendered":"<p>Este viernes 6 de junio se desarroll\u00f3 la primera fase de la 14\u00aa Olimpiada de Matem\u00e1tica Intercolegios 2025, organizada por el Departamento de Matem\u00e1tica de la Universidad del B\u00edo-B\u00edo con la colaboraci\u00f3n del Colegio Concepci\u00f3n San Pedro. En esta instancia participaron 15 estudiantes del Colegio San Ignacio de Concepci\u00f3n, desde 1\u00ba a 4\u00ba medio, quienes&hellip;<\/p>\n","protected":false},"author":1,"featured_media":10076,"comment_status":"closed","ping_status":"closed","sticky":false,"template":"","format":"standard","meta":[],"categories":[4],"tags":[],"_links":{"self":[{"href":"http:\/\/sanignacioconcepcion.cl\/sitio\/wp-json\/wp\/v2\/posts\/10075"}],"collection":[{"href":"http:\/\/sanignacioconcepcion.cl\/sitio\/wp-json\/wp\/v2\/posts"}],"about":[{"href":"http:\/\/sanignacioconcepcion.cl\/sitio\/wp-json\/wp\/v2\/types\/post"}],"author":[{"embeddable":true,"href":"http:\/\/sanignacioconcepcion.cl\/sitio\/wp-json\/wp\/v2\/users\/1"}],"replies":[{"embeddable":true,"href":"http:\/\/sanignacioconcepcion.cl\/sitio\/wp-json\/wp\/v2\/comments?post=10075"}],"version-history":[{"count":3,"href":"http:\/\/sanignacioconcepcion.cl\/sitio\/wp-json\/wp\/v2\/posts\/10075\/revisions"}],"predecessor-version":[{"id":10079,"href":"http:\/\/sanignacioconcepcion.cl\/sitio\/wp-json\/wp\/v2\/posts\/10075\/revisions\/10079"}],"wp:featuredmedia":[{"embeddable":true,"href":"http:\/\/sanignacioconcepcion.cl\/sitio\/wp-json\/wp\/v2\/media\/10076"}],"wp:attachment":[{"href":"http:\/\/sanignacioconcepcion.cl\/sitio\/wp-json\/wp\/v2\/media?parent=10075"}],"wp:term":[{"taxonomy":"category","embeddable":true,"href":"http:\/\/sanignacioconcepcion.cl\/sitio\/wp-json\/wp\/v2\/categories?post=10075"},{"taxonomy":"post_tag","embeddable":true,"href":"http:\/\/sanignacioconcepcion.cl\/sitio\/wp-json\/wp\/v2\/tags?post=10075"}],"curies":[{"name":"wp","href":"https:\/\/api.w.org\/{rel}","templated":true}]}}