{"id":10102,"date":"2025-06-09T12:02:56","date_gmt":"2025-06-09T16:02:56","guid":{"rendered":"https:\/\/sanignacioconcepcion.cl\/sitio\/?p=10102"},"modified":"2025-06-09T12:08:54","modified_gmt":"2025-06-09T16:08:54","slug":"premiacion-de-concursos-literarios-ciclo-loyola-en-el-marco-del-mes-del-libro","status":"publish","type":"post","link":"http:\/\/sanignacioconcepcion.cl\/sitio\/premiacion-de-concursos-literarios-ciclo-loyola-en-el-marco-del-mes-del-libro\/","title":{"rendered":"Premiaci\u00f3n de concursos literarios Ciclo Loyola en el marco del Mes del Libro"},"content":{"rendered":"<p data-start=\"166\" data-end=\"403\">La ma\u00f1ana de este lunes 9 de junio se llev\u00f3 a cabo la esperada premiaci\u00f3n de los concursos \u201cColor\u00edn coloreado este cuento, yo he creado\u201d y \u201c100 palabras, mil ideas\u201d, actividades realizadas en el marco de la celebraci\u00f3n del Mes del Libro.<\/p>\n<p data-start=\"405\" data-end=\"758\">La ceremonia cont\u00f3 con la presencia de la directora del colegio, Claudia Messina; el capell\u00e1n, Padre Juan Pablo Moyano; la directora de ciclo, Viviana P\u00e9rez; y el director acad\u00e9mico, H\u00e9ctor Nova. Cada estudiante premiado estuvo acompa\u00f1ado por su profesora, en un ambiente de alegr\u00eda, orgullo y reconocimiento por el talento y la creatividad demostrados.<\/p>\n<p data-start=\"760\" data-end=\"835\"><strong data-start=\"760\" data-end=\"833\">Ganadores del concurso \u201cColor\u00edn coloreado este cuento, yo he creado\u201d:<\/strong><\/p>\n<ul data-start=\"836\" data-end=\"1040\">\n<li data-start=\"836\" data-end=\"909\">\n<p data-start=\"838\" data-end=\"909\"><strong data-start=\"838\" data-end=\"851\">1\u00b0 lugar:<\/strong> Mayte Fern\u00e1ndez, con el cuento <em data-start=\"883\" data-end=\"907\">\u201cLa princesa y Copito\u201d<\/em><\/p>\n<\/li>\n<li data-start=\"910\" data-end=\"980\">\n<p data-start=\"912\" data-end=\"980\"><strong data-start=\"912\" data-end=\"925\">2\u00b0 lugar:<\/strong> Martina Neira, con el cuento <em data-start=\"955\" data-end=\"978\">\u201cMi amigo Chocolat\u00edn\u201d<\/em><\/p>\n<\/li>\n<li data-start=\"981\" data-end=\"1040\">\n<p data-start=\"983\" data-end=\"1040\"><strong data-start=\"983\" data-end=\"996\">3\u00b0 lugar:<\/strong> Santino Aguayo, con el cuento <em data-start=\"1027\" data-end=\"1040\">\u201cSantipool\u201d<\/em><\/p>\n<\/li>\n<\/ul>\n<p data-start=\"1042\" data-end=\"1097\"><strong data-start=\"1042\" data-end=\"1095\">Ganadores del concurso \u201c100 palabras, mil ideas\u201d:<\/strong><\/p>\n<ul data-start=\"1098\" data-end=\"1310\">\n<li data-start=\"1098\" data-end=\"1178\">\n<p data-start=\"1100\" data-end=\"1178\"><strong data-start=\"1100\" data-end=\"1113\">1\u00b0 lugar:<\/strong> Irina Sidelnikov, con la obra <em data-start=\"1144\" data-end=\"1176\">\u201cJuan y Diamante por el mundo\u201d<\/em><\/p>\n<\/li>\n<li data-start=\"1179\" data-end=\"1239\">\n<p data-start=\"1181\" data-end=\"1239\"><strong data-start=\"1181\" data-end=\"1194\">2\u00b0 lugar:<\/strong> M\u00eda Trejo, con la obra <em data-start=\"1218\" data-end=\"1237\">\u201cLa oruga celosa\u201d<\/em><\/p>\n<\/li>\n<li data-start=\"1240\" data-end=\"1310\">\n<p data-start=\"1242\" data-end=\"1310\"><strong data-start=\"1242\" data-end=\"1255\">3\u00b0 lugar:<\/strong> Amanda Trillat, con la obra <em data-start=\"1284\" data-end=\"1310\">\u201cCoco, un perro viajero\u201d<\/em><\/p>\n<\/li>\n<\/ul>\n<p data-start=\"1312\" data-end=\"1492\">Felicitamos a todos los participantes por su entusiasmo y creatividad, y agradecemos a sus docentes por el constante apoyo en el desarrollo del gusto por la lectura y la escritura. <a href=\"https:\/\/photos.app.goo.gl\/Wot7gLcuMTYpFewa7\"><span style=\"color: #800000;\"><strong>Ver fotos<\/strong><\/span><\/a><\/p>\n","protected":false},"excerpt":{"rendered":"<p>La ma\u00f1ana de este lunes 9 de junio se llev\u00f3 a cabo la esperada premiaci\u00f3n de los concursos \u201cColor\u00edn coloreado este cuento, yo he creado\u201d y \u201c100 palabras, mil ideas\u201d, actividades realizadas en el marco de la celebraci\u00f3n del Mes del Libro. La ceremonia cont\u00f3 con la presencia de la directora del colegio, Claudia Messina;&hellip;<\/p>\n","protected":false},"author":1,"featured_media":10103,"comment_status":"closed","ping_status":"closed","sticky":false,"template":"","format":"standard","meta":[],"categories":[4],"tags":[],"_links":{"self":[{"href":"http:\/\/sanignacioconcepcion.cl\/sitio\/wp-json\/wp\/v2\/posts\/10102"}],"collection":[{"href":"http:\/\/sanignacioconcepcion.cl\/sitio\/wp-json\/wp\/v2\/posts"}],"about":[{"href":"http:\/\/sanignacioconcepcion.cl\/sitio\/wp-json\/wp\/v2\/types\/post"}],"author":[{"embeddable":true,"href":"http:\/\/sanignacioconcepcion.cl\/sitio\/wp-json\/wp\/v2\/users\/1"}],"replies":[{"embeddable":true,"href":"http:\/\/sanignacioconcepcion.cl\/sitio\/wp-json\/wp\/v2\/comments?post=10102"}],"version-history":[{"count":2,"href":"http:\/\/sanignacioconcepcion.cl\/sitio\/wp-json\/wp\/v2\/posts\/10102\/revisions"}],"predecessor-version":[{"id":10106,"href":"http:\/\/sanignacioconcepcion.cl\/sitio\/wp-json\/wp\/v2\/posts\/10102\/revisions\/10106"}],"wp:featuredmedia":[{"embeddable":true,"href":"http:\/\/sanignacioconcepcion.cl\/sitio\/wp-json\/wp\/v2\/media\/10103"}],"wp:attachment":[{"href":"http:\/\/sanignacioconcepcion.cl\/sitio\/wp-json\/wp\/v2\/media?parent=10102"}],"wp:term":[{"taxonomy":"category","embeddable":true,"href":"http:\/\/sanignacioconcepcion.cl\/sitio\/wp-json\/wp\/v2\/categories?post=10102"},{"taxonomy":"post_tag","embeddable":true,"href":"http:\/\/sanignacioconcepcion.cl\/sitio\/wp-json\/wp\/v2\/tags?post=10102"}],"curies":[{"name":"wp","href":"https:\/\/api.w.org\/{rel}","templated":true}]}}