{"id":10107,"date":"2025-06-09T12:14:04","date_gmt":"2025-06-09T16:14:04","guid":{"rendered":"https:\/\/sanignacioconcepcion.cl\/sitio\/?p=10107"},"modified":"2025-06-09T12:16:00","modified_gmt":"2025-06-09T16:16:00","slug":"casi-realiza-actividad-en-conmemoracion-del-mes-del-orgullo","status":"publish","type":"post","link":"http:\/\/sanignacioconcepcion.cl\/sitio\/casi-realiza-actividad-en-conmemoracion-del-mes-del-orgullo\/","title":{"rendered":"CASI realiza actividad en conmemoraci\u00f3n del Mes del Orgullo"},"content":{"rendered":"<p><span style=\"font-weight: 400;\">El d\u00eda lunes 9 de junio, durante el primer recreo, el Centro de Alumnos (CASI) llev\u00f3 a cabo una significativa actividad en el marco del Mes del Orgullo, con el objetivo de visibilizar y reflexionar en torno al respeto por la diversidad y los derechos humanos.<\/span><\/p>\n<p><span style=\"font-weight: 400;\">La jornada incluy\u00f3 la entrega de dulces, un espacio para tomarse fotograf\u00edas, la difusi\u00f3n de folletos informativos sobre el D\u00eda del Orgullo y ambientaci\u00f3n musical. Esta iniciativa se realiz\u00f3 con un esp\u00edritu de respeto, di\u00e1logo y apertura, buscando generar un espacio educativo, inclusivo y fraterno, que fomente una comunidad donde todos y todas puedan sentirse acogidos y valorados. <a href=\"https:\/\/photos.app.goo.gl\/CMoZ2BTp5yPqgyjw5\"><span style=\"color: #800000;\"><strong>Ver fotos<\/strong><\/span><\/a><\/span><\/p>\n","protected":false},"excerpt":{"rendered":"<p>El d\u00eda lunes 9 de junio, durante el primer recreo, el Centro de Alumnos (CASI) llev\u00f3 a cabo una significativa actividad en el marco del Mes del Orgullo, con el objetivo de visibilizar y reflexionar en torno al respeto por la diversidad y los derechos humanos. La jornada incluy\u00f3 la entrega de dulces, un espacio&hellip;<\/p>\n","protected":false},"author":1,"featured_media":10111,"comment_status":"closed","ping_status":"closed","sticky":false,"template":"","format":"standard","meta":[],"categories":[4],"tags":[],"_links":{"self":[{"href":"http:\/\/sanignacioconcepcion.cl\/sitio\/wp-json\/wp\/v2\/posts\/10107"}],"collection":[{"href":"http:\/\/sanignacioconcepcion.cl\/sitio\/wp-json\/wp\/v2\/posts"}],"about":[{"href":"http:\/\/sanignacioconcepcion.cl\/sitio\/wp-json\/wp\/v2\/types\/post"}],"author":[{"embeddable":true,"href":"http:\/\/sanignacioconcepcion.cl\/sitio\/wp-json\/wp\/v2\/users\/1"}],"replies":[{"embeddable":true,"href":"http:\/\/sanignacioconcepcion.cl\/sitio\/wp-json\/wp\/v2\/comments?post=10107"}],"version-history":[{"count":3,"href":"http:\/\/sanignacioconcepcion.cl\/sitio\/wp-json\/wp\/v2\/posts\/10107\/revisions"}],"predecessor-version":[{"id":10112,"href":"http:\/\/sanignacioconcepcion.cl\/sitio\/wp-json\/wp\/v2\/posts\/10107\/revisions\/10112"}],"wp:featuredmedia":[{"embeddable":true,"href":"http:\/\/sanignacioconcepcion.cl\/sitio\/wp-json\/wp\/v2\/media\/10111"}],"wp:attachment":[{"href":"http:\/\/sanignacioconcepcion.cl\/sitio\/wp-json\/wp\/v2\/media?parent=10107"}],"wp:term":[{"taxonomy":"category","embeddable":true,"href":"http:\/\/sanignacioconcepcion.cl\/sitio\/wp-json\/wp\/v2\/categories?post=10107"},{"taxonomy":"post_tag","embeddable":true,"href":"http:\/\/sanignacioconcepcion.cl\/sitio\/wp-json\/wp\/v2\/tags?post=10107"}],"curies":[{"name":"wp","href":"https:\/\/api.w.org\/{rel}","templated":true}]}}