{"id":10117,"date":"2025-06-11T16:07:31","date_gmt":"2025-06-11T20:07:31","guid":{"rendered":"https:\/\/sanignacioconcepcion.cl\/sitio\/?p=10117"},"modified":"2025-06-11T16:09:26","modified_gmt":"2025-06-11T20:09:26","slug":"estudiantes-del-electivo-de-quimica-viven-experiencia-en-un-laboratorio-udec","status":"publish","type":"post","link":"http:\/\/sanignacioconcepcion.cl\/sitio\/estudiantes-del-electivo-de-quimica-viven-experiencia-en-un-laboratorio-udec\/","title":{"rendered":"Estudiantes del electivo de Qu\u00edmica viven experiencia en un laboratorio UdeC"},"content":{"rendered":"<p data-start=\"192\" data-end=\"401\">El martes 10 de junio, estudiantes del electivo de Qu\u00edmica participaron en una enriquecedora experiencia pr\u00e1ctica en los laboratorios de la Facultad de Ciencias Qu\u00edmicas de la Universidad de Concepci\u00f3n.<\/p>\n<p data-start=\"403\" data-end=\"751\">La actividad fue\u00a0 dirigida por la profesora Paula Guti\u00e9rrez, con el acompa\u00f1amiento de la profesora diferencial Katherine Rubilar. Durante la jornada, los estudiantes llevaron a cabo una reacci\u00f3n de polimerizaci\u00f3n por condensaci\u00f3n, mediante la cual lograron sintetizar nylon 6,6.<\/p>\n<p data-start=\"753\" data-end=\"1002\">El laboratorio fue guiado por el Dr. Patricio Morales, acad\u00e9mico del Departamento de Pol\u00edmeros, quien orient\u00f3 el trabajo experimental, explicando a los estudiantes el proceso qu\u00edmico involucrado y su relevancia.<\/p>\n<p data-start=\"1004\" data-end=\"1250\">Este tipo de instancias acercan a los estudiantes a experiencias significativas de aprendizaje y motiv\u00e1ndolos a explorar nuevas posibilidades en el campo de las ciencias. <a href=\"https:\/\/photos.app.goo.gl\/u4dZv1x1VtHNz1BJA\"><span style=\"color: #800000;\"><strong>ver fotos<\/strong><\/span><\/a><\/p>\n","protected":false},"excerpt":{"rendered":"<p>El martes 10 de junio, estudiantes del electivo de Qu\u00edmica participaron en una enriquecedora experiencia pr\u00e1ctica en los laboratorios de la Facultad de Ciencias Qu\u00edmicas de la Universidad de Concepci\u00f3n. La actividad fue\u00a0 dirigida por la profesora Paula Guti\u00e9rrez, con el acompa\u00f1amiento de la profesora diferencial Katherine Rubilar. Durante la jornada, los estudiantes llevaron a&hellip;<\/p>\n","protected":false},"author":1,"featured_media":10118,"comment_status":"closed","ping_status":"closed","sticky":false,"template":"","format":"standard","meta":[],"categories":[4],"tags":[],"_links":{"self":[{"href":"http:\/\/sanignacioconcepcion.cl\/sitio\/wp-json\/wp\/v2\/posts\/10117"}],"collection":[{"href":"http:\/\/sanignacioconcepcion.cl\/sitio\/wp-json\/wp\/v2\/posts"}],"about":[{"href":"http:\/\/sanignacioconcepcion.cl\/sitio\/wp-json\/wp\/v2\/types\/post"}],"author":[{"embeddable":true,"href":"http:\/\/sanignacioconcepcion.cl\/sitio\/wp-json\/wp\/v2\/users\/1"}],"replies":[{"embeddable":true,"href":"http:\/\/sanignacioconcepcion.cl\/sitio\/wp-json\/wp\/v2\/comments?post=10117"}],"version-history":[{"count":2,"href":"http:\/\/sanignacioconcepcion.cl\/sitio\/wp-json\/wp\/v2\/posts\/10117\/revisions"}],"predecessor-version":[{"id":10120,"href":"http:\/\/sanignacioconcepcion.cl\/sitio\/wp-json\/wp\/v2\/posts\/10117\/revisions\/10120"}],"wp:featuredmedia":[{"embeddable":true,"href":"http:\/\/sanignacioconcepcion.cl\/sitio\/wp-json\/wp\/v2\/media\/10118"}],"wp:attachment":[{"href":"http:\/\/sanignacioconcepcion.cl\/sitio\/wp-json\/wp\/v2\/media?parent=10117"}],"wp:term":[{"taxonomy":"category","embeddable":true,"href":"http:\/\/sanignacioconcepcion.cl\/sitio\/wp-json\/wp\/v2\/categories?post=10117"},{"taxonomy":"post_tag","embeddable":true,"href":"http:\/\/sanignacioconcepcion.cl\/sitio\/wp-json\/wp\/v2\/tags?post=10117"}],"curies":[{"name":"wp","href":"https:\/\/api.w.org\/{rel}","templated":true}]}}