{"id":10124,"date":"2025-06-12T11:16:53","date_gmt":"2025-06-12T15:16:53","guid":{"rendered":"https:\/\/sanignacioconcepcion.cl\/sitio\/?p=10124"},"modified":"2025-06-12T11:16:53","modified_gmt":"2025-06-12T15:16:53","slug":"suspension-acle-de-basquetbol-viernes-13-de-junio","status":"publish","type":"post","link":"http:\/\/sanignacioconcepcion.cl\/sitio\/suspension-acle-de-basquetbol-viernes-13-de-junio\/","title":{"rendered":"Suspensi\u00f3n ACLE de B\u00e1squetbol &#8211; viernes 13 de junio"},"content":{"rendered":"<p data-start=\"115\" data-end=\"291\">Informamos que ma\u00f1ana, viernes 13 de junio, <strong>se suspende el ACLE de B\u00e1squetbol<\/strong>, tanto de damas como de varones, para los cursos de 3\u00ba a 6\u00ba b\u00e1sico.<\/p>\n<p data-start=\"293\" data-end=\"390\">Agradecemos su comprensi\u00f3n.<br data-start=\"320\" data-end=\"323\" \/>Atentamente,<\/p>\n<p data-start=\"293\" data-end=\"390\">Coordinaci\u00f3n ACLE<\/p>\n","protected":false},"excerpt":{"rendered":"<p>Informamos que ma\u00f1ana, viernes 13 de junio, se suspende el ACLE de B\u00e1squetbol, tanto de damas como de varones, para los cursos de 3\u00ba a 6\u00ba b\u00e1sico. Agradecemos su comprensi\u00f3n.Atentamente, Coordinaci\u00f3n ACLE<\/p>\n","protected":false},"author":1,"featured_media":0,"comment_status":"closed","ping_status":"closed","sticky":false,"template":"","format":"standard","meta":[],"categories":[3],"tags":[],"_links":{"self":[{"href":"http:\/\/sanignacioconcepcion.cl\/sitio\/wp-json\/wp\/v2\/posts\/10124"}],"collection":[{"href":"http:\/\/sanignacioconcepcion.cl\/sitio\/wp-json\/wp\/v2\/posts"}],"about":[{"href":"http:\/\/sanignacioconcepcion.cl\/sitio\/wp-json\/wp\/v2\/types\/post"}],"author":[{"embeddable":true,"href":"http:\/\/sanignacioconcepcion.cl\/sitio\/wp-json\/wp\/v2\/users\/1"}],"replies":[{"embeddable":true,"href":"http:\/\/sanignacioconcepcion.cl\/sitio\/wp-json\/wp\/v2\/comments?post=10124"}],"version-history":[{"count":1,"href":"http:\/\/sanignacioconcepcion.cl\/sitio\/wp-json\/wp\/v2\/posts\/10124\/revisions"}],"predecessor-version":[{"id":10125,"href":"http:\/\/sanignacioconcepcion.cl\/sitio\/wp-json\/wp\/v2\/posts\/10124\/revisions\/10125"}],"wp:attachment":[{"href":"http:\/\/sanignacioconcepcion.cl\/sitio\/wp-json\/wp\/v2\/media?parent=10124"}],"wp:term":[{"taxonomy":"category","embeddable":true,"href":"http:\/\/sanignacioconcepcion.cl\/sitio\/wp-json\/wp\/v2\/categories?post=10124"},{"taxonomy":"post_tag","embeddable":true,"href":"http:\/\/sanignacioconcepcion.cl\/sitio\/wp-json\/wp\/v2\/tags?post=10124"}],"curies":[{"name":"wp","href":"https:\/\/api.w.org\/{rel}","templated":true}]}}