{"id":10150,"date":"2025-06-16T10:09:25","date_gmt":"2025-06-16T14:09:25","guid":{"rendered":"https:\/\/sanignacioconcepcion.cl\/sitio\/?p=10150"},"modified":"2025-06-16T10:09:25","modified_gmt":"2025-06-16T14:09:25","slug":"estudiantes-participaron-en-el-encuentro-con-el-pastor","status":"publish","type":"post","link":"http:\/\/sanignacioconcepcion.cl\/sitio\/estudiantes-participaron-en-el-encuentro-con-el-pastor\/","title":{"rendered":"Estudiantes participaron en el \u201cEncuentro con el Pastor\u201d"},"content":{"rendered":"<p>Cinco estudiantes de nuestro colegio participaron en el \u201cEncuentro con el Pastor\u201d, organizado por la Vicar\u00eda Episcopal para la Educaci\u00f3n en el Colegio San Agust\u00edn de Concepci\u00f3n. En la instancia, delegaciones de colegios de Iglesia compartieron con Monse\u00f1or Sergio P\u00e9rez de Arce SS.CC., reflexionando sobre el legado del Papa Francisco y la figura del Papa Le\u00f3n XIV.<\/p>\n<p>Fue una jornada fraterna y significativa, donde nuestros estudiantes dialogaron con el Pastor, compartieron con j\u00f3venes de otros colegios y profundizaron en su vida de fe. Monse\u00f1or los anim\u00f3 a vivir con esperanza, a fortalecer la solidaridad y a ser testimonio vivo de la alegr\u00eda del Evangelio.<\/p>\n","protected":false},"excerpt":{"rendered":"<p>Cinco estudiantes de nuestro colegio participaron en el \u201cEncuentro con el Pastor\u201d, organizado por la Vicar\u00eda Episcopal para la Educaci\u00f3n en el Colegio San Agust\u00edn de Concepci\u00f3n. En la instancia, delegaciones de colegios de Iglesia compartieron con Monse\u00f1or Sergio P\u00e9rez de Arce SS.CC., reflexionando sobre el legado del Papa Francisco y la figura del Papa&hellip;<\/p>\n","protected":false},"author":1,"featured_media":10151,"comment_status":"closed","ping_status":"closed","sticky":false,"template":"","format":"standard","meta":[],"categories":[4],"tags":[],"_links":{"self":[{"href":"http:\/\/sanignacioconcepcion.cl\/sitio\/wp-json\/wp\/v2\/posts\/10150"}],"collection":[{"href":"http:\/\/sanignacioconcepcion.cl\/sitio\/wp-json\/wp\/v2\/posts"}],"about":[{"href":"http:\/\/sanignacioconcepcion.cl\/sitio\/wp-json\/wp\/v2\/types\/post"}],"author":[{"embeddable":true,"href":"http:\/\/sanignacioconcepcion.cl\/sitio\/wp-json\/wp\/v2\/users\/1"}],"replies":[{"embeddable":true,"href":"http:\/\/sanignacioconcepcion.cl\/sitio\/wp-json\/wp\/v2\/comments?post=10150"}],"version-history":[{"count":1,"href":"http:\/\/sanignacioconcepcion.cl\/sitio\/wp-json\/wp\/v2\/posts\/10150\/revisions"}],"predecessor-version":[{"id":10152,"href":"http:\/\/sanignacioconcepcion.cl\/sitio\/wp-json\/wp\/v2\/posts\/10150\/revisions\/10152"}],"wp:featuredmedia":[{"embeddable":true,"href":"http:\/\/sanignacioconcepcion.cl\/sitio\/wp-json\/wp\/v2\/media\/10151"}],"wp:attachment":[{"href":"http:\/\/sanignacioconcepcion.cl\/sitio\/wp-json\/wp\/v2\/media?parent=10150"}],"wp:term":[{"taxonomy":"category","embeddable":true,"href":"http:\/\/sanignacioconcepcion.cl\/sitio\/wp-json\/wp\/v2\/categories?post=10150"},{"taxonomy":"post_tag","embeddable":true,"href":"http:\/\/sanignacioconcepcion.cl\/sitio\/wp-json\/wp\/v2\/tags?post=10150"}],"curies":[{"name":"wp","href":"https:\/\/api.w.org\/{rel}","templated":true}]}}