{"id":10153,"date":"2025-06-16T10:14:21","date_gmt":"2025-06-16T14:14:21","guid":{"rendered":"https:\/\/sanignacioconcepcion.cl\/sitio\/?p=10153"},"modified":"2025-06-16T10:14:21","modified_gmt":"2025-06-16T14:14:21","slug":"comenzo-la-ruta-nocturna-junto-al-hogar-de-cristo","status":"publish","type":"post","link":"http:\/\/sanignacioconcepcion.cl\/sitio\/comenzo-la-ruta-nocturna-junto-al-hogar-de-cristo\/","title":{"rendered":"Comenz\u00f3 la Ruta Nocturna junto al Hogar de Cristo"},"content":{"rendered":"<p>El s\u00e1bado 7 de junio dimos inicio a la Ruta Nocturna, una significativa actividad solidaria impulsada por la Pastoral Social del Colegio San Ignacio de Concepci\u00f3n en conjunto con el Hogar de Cristo.<\/p>\n<p>Esta iniciativa tiene como prop\u00f3sito acompa\u00f1ar a personas en situaci\u00f3n de calle, entreg\u00e1ndoles alimentos, abrigo y, sobre todo, un momento de escucha y dignidad. A trav\u00e9s de esta experiencia, estudiantes y miembros de la comunidad educativa ponen en pr\u00e1ctica los valores del servicio, la empat\u00eda y el compromiso social, fortaleciendo una fe viva y transformadora.<\/p>\n<p>Agradecemos a todos quienes hacen posible esta acci\u00f3n concreta de amor y justicia, especialmente en tiempos donde el encuentro humano es m\u00e1s necesario que nunca.<\/p>\n<p>Para m\u00e1s informaci\u00f3n: &#112;&#x61;s&#x74;&#x6f;&#114;&#x61;l&#x66;&#x61;&#109;&#x69;l&#x69;&#x61;&#114;&#x40;c&#x6f;&#x6c;&#101;&#x67;i&#x6f;&#x73;&#105;&#x63;&#46;&#x63;&#x6c;<\/p>\n","protected":false},"excerpt":{"rendered":"<p>El s\u00e1bado 7 de junio dimos inicio a la Ruta Nocturna, una significativa actividad solidaria impulsada por la Pastoral Social del Colegio San Ignacio de Concepci\u00f3n en conjunto con el Hogar de Cristo. Esta iniciativa tiene como prop\u00f3sito acompa\u00f1ar a personas en situaci\u00f3n de calle, entreg\u00e1ndoles alimentos, abrigo y, sobre todo, un momento de escucha&hellip;<\/p>\n","protected":false},"author":1,"featured_media":10154,"comment_status":"closed","ping_status":"closed","sticky":false,"template":"","format":"standard","meta":[],"categories":[4],"tags":[],"_links":{"self":[{"href":"http:\/\/sanignacioconcepcion.cl\/sitio\/wp-json\/wp\/v2\/posts\/10153"}],"collection":[{"href":"http:\/\/sanignacioconcepcion.cl\/sitio\/wp-json\/wp\/v2\/posts"}],"about":[{"href":"http:\/\/sanignacioconcepcion.cl\/sitio\/wp-json\/wp\/v2\/types\/post"}],"author":[{"embeddable":true,"href":"http:\/\/sanignacioconcepcion.cl\/sitio\/wp-json\/wp\/v2\/users\/1"}],"replies":[{"embeddable":true,"href":"http:\/\/sanignacioconcepcion.cl\/sitio\/wp-json\/wp\/v2\/comments?post=10153"}],"version-history":[{"count":1,"href":"http:\/\/sanignacioconcepcion.cl\/sitio\/wp-json\/wp\/v2\/posts\/10153\/revisions"}],"predecessor-version":[{"id":10155,"href":"http:\/\/sanignacioconcepcion.cl\/sitio\/wp-json\/wp\/v2\/posts\/10153\/revisions\/10155"}],"wp:featuredmedia":[{"embeddable":true,"href":"http:\/\/sanignacioconcepcion.cl\/sitio\/wp-json\/wp\/v2\/media\/10154"}],"wp:attachment":[{"href":"http:\/\/sanignacioconcepcion.cl\/sitio\/wp-json\/wp\/v2\/media?parent=10153"}],"wp:term":[{"taxonomy":"category","embeddable":true,"href":"http:\/\/sanignacioconcepcion.cl\/sitio\/wp-json\/wp\/v2\/categories?post=10153"},{"taxonomy":"post_tag","embeddable":true,"href":"http:\/\/sanignacioconcepcion.cl\/sitio\/wp-json\/wp\/v2\/tags?post=10153"}],"curies":[{"name":"wp","href":"https:\/\/api.w.org\/{rel}","templated":true}]}}