{"id":10156,"date":"2025-06-16T12:02:05","date_gmt":"2025-06-16T16:02:05","guid":{"rendered":"https:\/\/sanignacioconcepcion.cl\/sitio\/?p=10156"},"modified":"2025-06-16T15:56:59","modified_gmt":"2025-06-16T19:56:59","slug":"gala-de-gimnasia-artistica-adicpa-destacada-participacion-de-nuestras-estudiantes","status":"publish","type":"post","link":"http:\/\/sanignacioconcepcion.cl\/sitio\/gala-de-gimnasia-artistica-adicpa-destacada-participacion-de-nuestras-estudiantes\/","title":{"rendered":"Gala de Gimnasia Art\u00edstica ADICPA: destacada participaci\u00f3n de nuestras estudiantes"},"content":{"rendered":"<p>Este s\u00e1bado 14 de junio se llev\u00f3 a cabo la Gala de Gimnasia Art\u00edstica organizada por ADICPA, reuniendo a nueve colegios de la zona en una jornada llena de talento, disciplina y trabajo en equipo.<\/p>\n<p>Durante la actividad, se presentaron distintas categor\u00edas \u2014mini, infantil y superior\u2014 con esquemas grupales en suelo, salto y viga de equilibrio. Nuestro colegio estuvo representado por un entusiasta grupo de gimnastas, quienes presentaron cuatro esquemas grupales y un d\u00fao en la disciplina de viga, demostrando gran compromiso y preparaci\u00f3n.<a href=\"https:\/\/photos.app.goo.gl\/FCdrBfWuk8hUMoCJ9\"><span style=\"color: #800000;\"><strong> Ver fotos<\/strong><\/span><\/a><\/p>\n","protected":false},"excerpt":{"rendered":"<p>Este s\u00e1bado 14 de junio se llev\u00f3 a cabo la Gala de Gimnasia Art\u00edstica organizada por ADICPA, reuniendo a nueve colegios de la zona en una jornada llena de talento, disciplina y trabajo en equipo. Durante la actividad, se presentaron distintas categor\u00edas \u2014mini, infantil y superior\u2014 con esquemas grupales en suelo, salto y viga de&hellip;<\/p>\n","protected":false},"author":1,"featured_media":10157,"comment_status":"closed","ping_status":"closed","sticky":false,"template":"","format":"standard","meta":[],"categories":[4],"tags":[],"_links":{"self":[{"href":"http:\/\/sanignacioconcepcion.cl\/sitio\/wp-json\/wp\/v2\/posts\/10156"}],"collection":[{"href":"http:\/\/sanignacioconcepcion.cl\/sitio\/wp-json\/wp\/v2\/posts"}],"about":[{"href":"http:\/\/sanignacioconcepcion.cl\/sitio\/wp-json\/wp\/v2\/types\/post"}],"author":[{"embeddable":true,"href":"http:\/\/sanignacioconcepcion.cl\/sitio\/wp-json\/wp\/v2\/users\/1"}],"replies":[{"embeddable":true,"href":"http:\/\/sanignacioconcepcion.cl\/sitio\/wp-json\/wp\/v2\/comments?post=10156"}],"version-history":[{"count":2,"href":"http:\/\/sanignacioconcepcion.cl\/sitio\/wp-json\/wp\/v2\/posts\/10156\/revisions"}],"predecessor-version":[{"id":10159,"href":"http:\/\/sanignacioconcepcion.cl\/sitio\/wp-json\/wp\/v2\/posts\/10156\/revisions\/10159"}],"wp:featuredmedia":[{"embeddable":true,"href":"http:\/\/sanignacioconcepcion.cl\/sitio\/wp-json\/wp\/v2\/media\/10157"}],"wp:attachment":[{"href":"http:\/\/sanignacioconcepcion.cl\/sitio\/wp-json\/wp\/v2\/media?parent=10156"}],"wp:term":[{"taxonomy":"category","embeddable":true,"href":"http:\/\/sanignacioconcepcion.cl\/sitio\/wp-json\/wp\/v2\/categories?post=10156"},{"taxonomy":"post_tag","embeddable":true,"href":"http:\/\/sanignacioconcepcion.cl\/sitio\/wp-json\/wp\/v2\/tags?post=10156"}],"curies":[{"name":"wp","href":"https:\/\/api.w.org\/{rel}","templated":true}]}}