{"id":10160,"date":"2025-06-16T16:30:17","date_gmt":"2025-06-16T20:30:17","guid":{"rendered":"https:\/\/sanignacioconcepcion.cl\/sitio\/?p=10160"},"modified":"2025-06-16T16:30:17","modified_gmt":"2025-06-16T20:30:17","slug":"estudiantes-de-iv-medio-reciben-los-sacramentos-del-bautismo-y-la-primera-comunion","status":"publish","type":"post","link":"http:\/\/sanignacioconcepcion.cl\/sitio\/estudiantes-de-iv-medio-reciben-los-sacramentos-del-bautismo-y-la-primera-comunion\/","title":{"rendered":"Estudiantes de IV Medio reciben los sacramentos del Bautismo y la Primera Comuni\u00f3n"},"content":{"rendered":"<p data-start=\"166\" data-end=\"430\">Este fin de semana vivimos momentos profundamente significativos en la vida de nuestra comunidad educativa. El s\u00e1bado 14 de junio se celebr\u00f3 el sacramento del Bautismo y el domingo 15, la Primera Comuni\u00f3n, ambos en la capilla del Colegio San Ignacio de Concepci\u00f3n.<\/p>\n<p data-start=\"432\" data-end=\"697\">Seis estudiantes de IV Medio recibieron el Bautismo, y siete realizaron su Primera Comuni\u00f3n, en ceremonias llenas de recogimiento y alegr\u00eda, presididas por el padre Juan Pablo Moyano.<\/p>\n<p data-start=\"699\" data-end=\"970\">Con entusiasmo y convicci\u00f3n, estos j\u00f3venes contin\u00faan su preparaci\u00f3n para recibir el sacramento de la Confirmaci\u00f3n, el cual ser\u00e1 celebrado el pr\u00f3ximo 19 de julio.<span style=\"color: #800000;\"><strong><a style=\"color: #800000;\" href=\"https:\/\/photos.app.goo.gl\/chwBabEYujMuXGGf8\"> Ver fotos<\/a><\/strong><\/span><\/p>\n","protected":false},"excerpt":{"rendered":"<p>Este fin de semana vivimos momentos profundamente significativos en la vida de nuestra comunidad educativa. El s\u00e1bado 14 de junio se celebr\u00f3 el sacramento del Bautismo y el domingo 15, la Primera Comuni\u00f3n, ambos en la capilla del Colegio San Ignacio de Concepci\u00f3n. Seis estudiantes de IV Medio recibieron el Bautismo, y siete realizaron su&hellip;<\/p>\n","protected":false},"author":1,"featured_media":10161,"comment_status":"closed","ping_status":"closed","sticky":false,"template":"","format":"standard","meta":[],"categories":[4],"tags":[],"_links":{"self":[{"href":"http:\/\/sanignacioconcepcion.cl\/sitio\/wp-json\/wp\/v2\/posts\/10160"}],"collection":[{"href":"http:\/\/sanignacioconcepcion.cl\/sitio\/wp-json\/wp\/v2\/posts"}],"about":[{"href":"http:\/\/sanignacioconcepcion.cl\/sitio\/wp-json\/wp\/v2\/types\/post"}],"author":[{"embeddable":true,"href":"http:\/\/sanignacioconcepcion.cl\/sitio\/wp-json\/wp\/v2\/users\/1"}],"replies":[{"embeddable":true,"href":"http:\/\/sanignacioconcepcion.cl\/sitio\/wp-json\/wp\/v2\/comments?post=10160"}],"version-history":[{"count":1,"href":"http:\/\/sanignacioconcepcion.cl\/sitio\/wp-json\/wp\/v2\/posts\/10160\/revisions"}],"predecessor-version":[{"id":10162,"href":"http:\/\/sanignacioconcepcion.cl\/sitio\/wp-json\/wp\/v2\/posts\/10160\/revisions\/10162"}],"wp:featuredmedia":[{"embeddable":true,"href":"http:\/\/sanignacioconcepcion.cl\/sitio\/wp-json\/wp\/v2\/media\/10161"}],"wp:attachment":[{"href":"http:\/\/sanignacioconcepcion.cl\/sitio\/wp-json\/wp\/v2\/media?parent=10160"}],"wp:term":[{"taxonomy":"category","embeddable":true,"href":"http:\/\/sanignacioconcepcion.cl\/sitio\/wp-json\/wp\/v2\/categories?post=10160"},{"taxonomy":"post_tag","embeddable":true,"href":"http:\/\/sanignacioconcepcion.cl\/sitio\/wp-json\/wp\/v2\/tags?post=10160"}],"curies":[{"name":"wp","href":"https:\/\/api.w.org\/{rel}","templated":true}]}}