{"id":10163,"date":"2025-06-17T11:42:59","date_gmt":"2025-06-17T15:42:59","guid":{"rendered":"https:\/\/sanignacioconcepcion.cl\/sitio\/?p=10163"},"modified":"2025-06-17T11:42:59","modified_gmt":"2025-06-17T15:42:59","slug":"eleccion-del-nuevo-centro-de-alumnos-ciclo-manresa","status":"publish","type":"post","link":"http:\/\/sanignacioconcepcion.cl\/sitio\/eleccion-del-nuevo-centro-de-alumnos-ciclo-manresa\/","title":{"rendered":"Elecci\u00f3n del nuevo Centro de Alumnos Ciclo Manresa"},"content":{"rendered":"<p data-start=\"227\" data-end=\"499\">El pasado viernes 13 de junio, se llev\u00f3 a cabo la votaci\u00f3n y elecci\u00f3n del nuevo Centro de Alumnos del Ciclo Manresa, una instancia muy significativa que promueve la participaci\u00f3n, el liderazgo y el compromiso de nuestras y nuestros estudiantes con la vida escolar.<\/p>\n<p data-start=\"501\" data-end=\"701\">La jornada se desarroll\u00f3 con gran responsabilidad y entusiasmo por parte de las y los estudiantes de 3\u00b0 a 6\u00b0 b\u00e1sico, quienes eligieron democr\u00e1ticamente a sus representantes.<\/p>\n<p data-start=\"703\" data-end=\"760\">Felicitamos a la nueva directiva del CASI Manresa:<\/p>\n<ul>\n<li data-start=\"762\" data-end=\"1000\"><strong data-start=\"765\" data-end=\"780\">Presidenta:<\/strong> Valentina Contreras (6\u00b0A)<\/li>\n<li data-start=\"762\" data-end=\"1000\"><strong data-start=\"812\" data-end=\"831\">Vicepresidenta:<\/strong> Florencia Urrutia (6\u00b0C)<\/li>\n<li data-start=\"762\" data-end=\"1000\"><strong data-start=\"861\" data-end=\"876\">Secretaria:<\/strong> Victoria Arriagada (5\u00b0A)<\/li>\n<li data-start=\"762\" data-end=\"1000\"><strong data-start=\"907\" data-end=\"920\">Tesorera:<\/strong> Consuelo Montecinos (4\u00b0B)<\/li>\n<li data-start=\"762\" data-end=\"1000\"><strong data-start=\"952\" data-end=\"977\">Delegada de Pastoral:<\/strong> Valentina Veloso (5\u00b0A)<\/li>\n<\/ul>\n<p data-start=\"1002\" data-end=\"1127\">Este equipo ser\u00e1 acompa\u00f1ado por su profesor asesor, Nicol\u00e1s Noriega, quien apoyar\u00e1 y orientar\u00e1 su gesti\u00f3n durante el a\u00f1o.<\/p>\n<p data-start=\"1002\" data-end=\"1127\">Les deseamos mucho \u00e9xito en este nuevo desaf\u00edo, y agradecemos a todos quienes participaron con compromiso y alegr\u00eda en este proceso formativo.<\/p>\n","protected":false},"excerpt":{"rendered":"<p>El pasado viernes 13 de junio, se llev\u00f3 a cabo la votaci\u00f3n y elecci\u00f3n del nuevo Centro de Alumnos del Ciclo Manresa, una instancia muy significativa que promueve la participaci\u00f3n, el liderazgo y el compromiso de nuestras y nuestros estudiantes con la vida escolar. La jornada se desarroll\u00f3 con gran responsabilidad y entusiasmo por parte&hellip;<\/p>\n","protected":false},"author":1,"featured_media":10164,"comment_status":"closed","ping_status":"closed","sticky":false,"template":"","format":"standard","meta":[],"categories":[4],"tags":[],"_links":{"self":[{"href":"http:\/\/sanignacioconcepcion.cl\/sitio\/wp-json\/wp\/v2\/posts\/10163"}],"collection":[{"href":"http:\/\/sanignacioconcepcion.cl\/sitio\/wp-json\/wp\/v2\/posts"}],"about":[{"href":"http:\/\/sanignacioconcepcion.cl\/sitio\/wp-json\/wp\/v2\/types\/post"}],"author":[{"embeddable":true,"href":"http:\/\/sanignacioconcepcion.cl\/sitio\/wp-json\/wp\/v2\/users\/1"}],"replies":[{"embeddable":true,"href":"http:\/\/sanignacioconcepcion.cl\/sitio\/wp-json\/wp\/v2\/comments?post=10163"}],"version-history":[{"count":1,"href":"http:\/\/sanignacioconcepcion.cl\/sitio\/wp-json\/wp\/v2\/posts\/10163\/revisions"}],"predecessor-version":[{"id":10165,"href":"http:\/\/sanignacioconcepcion.cl\/sitio\/wp-json\/wp\/v2\/posts\/10163\/revisions\/10165"}],"wp:featuredmedia":[{"embeddable":true,"href":"http:\/\/sanignacioconcepcion.cl\/sitio\/wp-json\/wp\/v2\/media\/10164"}],"wp:attachment":[{"href":"http:\/\/sanignacioconcepcion.cl\/sitio\/wp-json\/wp\/v2\/media?parent=10163"}],"wp:term":[{"taxonomy":"category","embeddable":true,"href":"http:\/\/sanignacioconcepcion.cl\/sitio\/wp-json\/wp\/v2\/categories?post=10163"},{"taxonomy":"post_tag","embeddable":true,"href":"http:\/\/sanignacioconcepcion.cl\/sitio\/wp-json\/wp\/v2\/tags?post=10163"}],"curies":[{"name":"wp","href":"https:\/\/api.w.org\/{rel}","templated":true}]}}