{"id":10231,"date":"2025-07-07T09:45:46","date_gmt":"2025-07-07T13:45:46","guid":{"rendered":"https:\/\/sanignacioconcepcion.cl\/sitio\/?p=10231"},"modified":"2025-07-07T09:48:03","modified_gmt":"2025-07-07T13:48:03","slug":"celebracion-del-aniversario-del-colegio-san-ignacio-de-concepcion","status":"publish","type":"post","link":"http:\/\/sanignacioconcepcion.cl\/sitio\/celebracion-del-aniversario-del-colegio-san-ignacio-de-concepcion\/","title":{"rendered":"Celebraci\u00f3n de aniversario SIC"},"content":{"rendered":"<p data-start=\"144\" data-end=\"317\">Los d\u00edas 16 y 17 de junio se celebr\u00f3 un nuevo aniversario del Colegio San Ignacio de Concepci\u00f3n, con diversas actividades que involucraron a estudiantes de todos los ciclos.<\/p>\n<p data-start=\"319\" data-end=\"553\">Durante ambas jornadas, las y los estudiantes participaron con alegr\u00eda y entusiasmo en din\u00e1micas recreativas, deportivas y art\u00edsticas, preparadas especialmente para conmemorar este importante hito.<\/p>\n<p data-start=\"555\" data-end=\"720\">La celebraci\u00f3n se vivi\u00f3 en un ambiente de comunidad, compa\u00f1erismo y sana convivencia, reflejando el esp\u00edritu ignaciano que caracteriza a nuestra comunidad educativa.<span style=\"color: #800000;\"><strong><a style=\"color: #800000;\" href=\"https:\/\/photos.app.goo.gl\/n5w5TJuynALyc1nX9\"> Ver fotos\u00a0<\/a><\/strong><\/span><\/p>\n","protected":false},"excerpt":{"rendered":"<p>Los d\u00edas 16 y 17 de junio se celebr\u00f3 un nuevo aniversario del Colegio San Ignacio de Concepci\u00f3n, con diversas actividades que involucraron a estudiantes de todos los ciclos. Durante ambas jornadas, las y los estudiantes participaron con alegr\u00eda y entusiasmo en din\u00e1micas recreativas, deportivas y art\u00edsticas, preparadas especialmente para conmemorar este importante hito. La&hellip;<\/p>\n","protected":false},"author":1,"featured_media":10232,"comment_status":"closed","ping_status":"closed","sticky":false,"template":"","format":"standard","meta":[],"categories":[4],"tags":[],"_links":{"self":[{"href":"http:\/\/sanignacioconcepcion.cl\/sitio\/wp-json\/wp\/v2\/posts\/10231"}],"collection":[{"href":"http:\/\/sanignacioconcepcion.cl\/sitio\/wp-json\/wp\/v2\/posts"}],"about":[{"href":"http:\/\/sanignacioconcepcion.cl\/sitio\/wp-json\/wp\/v2\/types\/post"}],"author":[{"embeddable":true,"href":"http:\/\/sanignacioconcepcion.cl\/sitio\/wp-json\/wp\/v2\/users\/1"}],"replies":[{"embeddable":true,"href":"http:\/\/sanignacioconcepcion.cl\/sitio\/wp-json\/wp\/v2\/comments?post=10231"}],"version-history":[{"count":3,"href":"http:\/\/sanignacioconcepcion.cl\/sitio\/wp-json\/wp\/v2\/posts\/10231\/revisions"}],"predecessor-version":[{"id":10235,"href":"http:\/\/sanignacioconcepcion.cl\/sitio\/wp-json\/wp\/v2\/posts\/10231\/revisions\/10235"}],"wp:featuredmedia":[{"embeddable":true,"href":"http:\/\/sanignacioconcepcion.cl\/sitio\/wp-json\/wp\/v2\/media\/10232"}],"wp:attachment":[{"href":"http:\/\/sanignacioconcepcion.cl\/sitio\/wp-json\/wp\/v2\/media?parent=10231"}],"wp:term":[{"taxonomy":"category","embeddable":true,"href":"http:\/\/sanignacioconcepcion.cl\/sitio\/wp-json\/wp\/v2\/categories?post=10231"},{"taxonomy":"post_tag","embeddable":true,"href":"http:\/\/sanignacioconcepcion.cl\/sitio\/wp-json\/wp\/v2\/tags?post=10231"}],"curies":[{"name":"wp","href":"https:\/\/api.w.org\/{rel}","templated":true}]}}