{"id":10243,"date":"2025-07-14T09:11:59","date_gmt":"2025-07-14T13:11:59","guid":{"rendered":"https:\/\/sanignacioconcepcion.cl\/sitio\/?p=10243"},"modified":"2025-07-14T09:11:59","modified_gmt":"2025-07-14T13:11:59","slug":"estudiantes-participan-en-pasantia-de-la-udec","status":"publish","type":"post","link":"http:\/\/sanignacioconcepcion.cl\/sitio\/estudiantes-participan-en-pasantia-de-la-udec\/","title":{"rendered":"Estudiantes participan en pasant\u00eda de la UdeC"},"content":{"rendered":"<p data-start=\"131\" data-end=\"585\">Mar\u00eda Jes\u00fas Rodr\u00edguez (4\u00b0MB) y Alonso R\u00edos (3\u00b0MC), estudiantes del electivo de Qu\u00edmica, participaron el mi\u00e9rcoles 9 de julio en una pasant\u00eda en la Facultad de Ingenier\u00eda de la Universidad de Concepci\u00f3n, espec\u00edficamente en el Departamento de Ingenier\u00eda Civil Qu\u00edmica. La jornada, que se extendi\u00f3 desde las 9:00 hasta las 17:00 horas, les permiti\u00f3 acercarse al quehacer universitario y vivir una experiencia formativa.<\/p>\n<p data-start=\"587\" data-end=\"776\">Estas instancias favorecen el encuentro temprano con la educaci\u00f3n superior, fortaleciendo la proyecci\u00f3n vocacional de nuestros estudiantes y promoviendo v\u00ednculos con el mundo universitario.<\/p>\n","protected":false},"excerpt":{"rendered":"<p>Mar\u00eda Jes\u00fas Rodr\u00edguez (4\u00b0MB) y Alonso R\u00edos (3\u00b0MC), estudiantes del electivo de Qu\u00edmica, participaron el mi\u00e9rcoles 9 de julio en una pasant\u00eda en la Facultad de Ingenier\u00eda de la Universidad de Concepci\u00f3n, espec\u00edficamente en el Departamento de Ingenier\u00eda Civil Qu\u00edmica. La jornada, que se extendi\u00f3 desde las 9:00 hasta las 17:00 horas, les permiti\u00f3 acercarse&hellip;<\/p>\n","protected":false},"author":1,"featured_media":10244,"comment_status":"closed","ping_status":"closed","sticky":false,"template":"","format":"standard","meta":[],"categories":[4],"tags":[],"_links":{"self":[{"href":"http:\/\/sanignacioconcepcion.cl\/sitio\/wp-json\/wp\/v2\/posts\/10243"}],"collection":[{"href":"http:\/\/sanignacioconcepcion.cl\/sitio\/wp-json\/wp\/v2\/posts"}],"about":[{"href":"http:\/\/sanignacioconcepcion.cl\/sitio\/wp-json\/wp\/v2\/types\/post"}],"author":[{"embeddable":true,"href":"http:\/\/sanignacioconcepcion.cl\/sitio\/wp-json\/wp\/v2\/users\/1"}],"replies":[{"embeddable":true,"href":"http:\/\/sanignacioconcepcion.cl\/sitio\/wp-json\/wp\/v2\/comments?post=10243"}],"version-history":[{"count":1,"href":"http:\/\/sanignacioconcepcion.cl\/sitio\/wp-json\/wp\/v2\/posts\/10243\/revisions"}],"predecessor-version":[{"id":10245,"href":"http:\/\/sanignacioconcepcion.cl\/sitio\/wp-json\/wp\/v2\/posts\/10243\/revisions\/10245"}],"wp:featuredmedia":[{"embeddable":true,"href":"http:\/\/sanignacioconcepcion.cl\/sitio\/wp-json\/wp\/v2\/media\/10244"}],"wp:attachment":[{"href":"http:\/\/sanignacioconcepcion.cl\/sitio\/wp-json\/wp\/v2\/media?parent=10243"}],"wp:term":[{"taxonomy":"category","embeddable":true,"href":"http:\/\/sanignacioconcepcion.cl\/sitio\/wp-json\/wp\/v2\/categories?post=10243"},{"taxonomy":"post_tag","embeddable":true,"href":"http:\/\/sanignacioconcepcion.cl\/sitio\/wp-json\/wp\/v2\/tags?post=10243"}],"curies":[{"name":"wp","href":"https:\/\/api.w.org\/{rel}","templated":true}]}}