{"id":10246,"date":"2025-07-14T09:22:51","date_gmt":"2025-07-14T13:22:51","guid":{"rendered":"https:\/\/sanignacioconcepcion.cl\/sitio\/?p=10246"},"modified":"2025-07-14T09:22:51","modified_gmt":"2025-07-14T13:22:51","slug":"final-regional-de-los-juegos-deportivos-escolares-u14","status":"publish","type":"post","link":"http:\/\/sanignacioconcepcion.cl\/sitio\/final-regional-de-los-juegos-deportivos-escolares-u14\/","title":{"rendered":"Final Regional de los Juegos Deportivos Escolares U14"},"content":{"rendered":"<p data-start=\"160\" data-end=\"368\">El s\u00e1bado 12 de julio se llev\u00f3 a cabo la Final Regional de los Juegos Deportivos Escolares U14 en el Club Deportivo Alem\u00e1n, instancia en la que nuestro colegio se enfrent\u00f3 al Colegio Teresiano de Los \u00c1ngeles.<\/p>\n<p data-start=\"370\" data-end=\"624\">A pesar del dif\u00edcil momento que atraviesa nuestra comunidad, nuestros estudiantes decidieron participar en este encuentro deportivo como una forma de rendir homenaje a su compa\u00f1ero Sebasti\u00e1n, demostrando as\u00ed su compromiso, fortaleza y esp\u00edritu de equipo.<\/p>\n","protected":false},"excerpt":{"rendered":"<p>El s\u00e1bado 12 de julio se llev\u00f3 a cabo la Final Regional de los Juegos Deportivos Escolares U14 en el Club Deportivo Alem\u00e1n, instancia en la que nuestro colegio se enfrent\u00f3 al Colegio Teresiano de Los \u00c1ngeles. A pesar del dif\u00edcil momento que atraviesa nuestra comunidad, nuestros estudiantes decidieron participar en este encuentro deportivo como&hellip;<\/p>\n","protected":false},"author":1,"featured_media":10247,"comment_status":"closed","ping_status":"closed","sticky":false,"template":"","format":"standard","meta":[],"categories":[4],"tags":[],"_links":{"self":[{"href":"http:\/\/sanignacioconcepcion.cl\/sitio\/wp-json\/wp\/v2\/posts\/10246"}],"collection":[{"href":"http:\/\/sanignacioconcepcion.cl\/sitio\/wp-json\/wp\/v2\/posts"}],"about":[{"href":"http:\/\/sanignacioconcepcion.cl\/sitio\/wp-json\/wp\/v2\/types\/post"}],"author":[{"embeddable":true,"href":"http:\/\/sanignacioconcepcion.cl\/sitio\/wp-json\/wp\/v2\/users\/1"}],"replies":[{"embeddable":true,"href":"http:\/\/sanignacioconcepcion.cl\/sitio\/wp-json\/wp\/v2\/comments?post=10246"}],"version-history":[{"count":1,"href":"http:\/\/sanignacioconcepcion.cl\/sitio\/wp-json\/wp\/v2\/posts\/10246\/revisions"}],"predecessor-version":[{"id":10248,"href":"http:\/\/sanignacioconcepcion.cl\/sitio\/wp-json\/wp\/v2\/posts\/10246\/revisions\/10248"}],"wp:featuredmedia":[{"embeddable":true,"href":"http:\/\/sanignacioconcepcion.cl\/sitio\/wp-json\/wp\/v2\/media\/10247"}],"wp:attachment":[{"href":"http:\/\/sanignacioconcepcion.cl\/sitio\/wp-json\/wp\/v2\/media?parent=10246"}],"wp:term":[{"taxonomy":"category","embeddable":true,"href":"http:\/\/sanignacioconcepcion.cl\/sitio\/wp-json\/wp\/v2\/categories?post=10246"},{"taxonomy":"post_tag","embeddable":true,"href":"http:\/\/sanignacioconcepcion.cl\/sitio\/wp-json\/wp\/v2\/tags?post=10246"}],"curies":[{"name":"wp","href":"https:\/\/api.w.org\/{rel}","templated":true}]}}