{"id":10249,"date":"2025-07-14T14:27:11","date_gmt":"2025-07-14T18:27:11","guid":{"rendered":"https:\/\/sanignacioconcepcion.cl\/sitio\/?p=10249"},"modified":"2025-07-14T14:27:11","modified_gmt":"2025-07-14T18:27:11","slug":"comunidad-educativa-vive-jornada-de-acogida-tras-el-fallecimiento-de-sebastian-alarcon","status":"publish","type":"post","link":"http:\/\/sanignacioconcepcion.cl\/sitio\/comunidad-educativa-vive-jornada-de-acogida-tras-el-fallecimiento-de-sebastian-alarcon\/","title":{"rendered":"Comunidad educativa vive jornada de acogida tras el fallecimiento de Sebasti\u00e1n Alarc\u00f3n"},"content":{"rendered":"<p data-start=\"241\" data-end=\"518\">Este lunes 14 de julio, nuestra comunidad educativa se reuni\u00f3 en torno al dolor compartido por la partida de Sebasti\u00e1n Alarc\u00f3n Hidalgo, estudiante del Ciclo Roma, viviendo una jornada especialmente dedicada a la contenci\u00f3n y al acompa\u00f1amiento emocional de nuestros estudiantes.<\/p>\n<p data-start=\"520\" data-end=\"623\">Durante la ma\u00f1ana, los tres ciclos formativos tuvieron espacios diferenciados de encuentro y reflexi\u00f3n:<\/p>\n<ul data-start=\"625\" data-end=\"1127\">\n<li data-start=\"625\" data-end=\"792\">\n<p data-start=\"627\" data-end=\"792\">El <strong data-start=\"630\" data-end=\"646\">Ciclo Loyola<\/strong> comenz\u00f3 su jornada con un momento de oraci\u00f3n.<\/p>\n<\/li>\n<li data-start=\"793\" data-end=\"919\">\n<p data-start=\"795\" data-end=\"919\">El <strong data-start=\"798\" data-end=\"815\">Ciclo Manresa<\/strong> destin\u00f3 un bloque para realizar actividades orientadas a la contenci\u00f3n emocional y el di\u00e1logo guiado.<\/p>\n<\/li>\n<li data-start=\"920\" data-end=\"1127\">\n<p data-start=\"922\" data-end=\"1127\">En el <strong data-start=\"928\" data-end=\"942\">Ciclo Roma<\/strong>, se vivieron dos bloques centrados en actividades de reflexi\u00f3n, oraci\u00f3n y conversaci\u00f3n grupal, especialmente dise\u00f1adas para ayudar a los estudiantes a enfrentar esta dif\u00edcil situaci\u00f3n.<\/p>\n<\/li>\n<\/ul>\n<p data-start=\"1129\" data-end=\"1430\">Se invit\u00f3 a todos los estudiantes a escribir su nombre en cintas de colores, que luego fueron dispuestas en el frontis del colegio como memorial en recuerdo de Sebasti\u00e1n. Este signo busc\u00f3 representar simb\u00f3licamente la presencia y el cari\u00f1o de toda la comunidad en torno a su vida.<\/p>\n<p data-start=\"1432\" data-end=\"1652\">Ma\u00f1ana martes, el Ciclo Roma continuar\u00e1 con estos espacios de contenci\u00f3n, mientras el resto de los ciclos ir\u00e1 retomando sus actividades habituales, manteniendo siempre una disposici\u00f3n de cuidado, acogida y respeto mutuo.<\/p>\n<p data-start=\"1654\" data-end=\"1782\">\n","protected":false},"excerpt":{"rendered":"<p>Este lunes 14 de julio, nuestra comunidad educativa se reuni\u00f3 en torno al dolor compartido por la partida de Sebasti\u00e1n Alarc\u00f3n Hidalgo, estudiante del Ciclo Roma, viviendo una jornada especialmente dedicada a la contenci\u00f3n y al acompa\u00f1amiento emocional de nuestros estudiantes. Durante la ma\u00f1ana, los tres ciclos formativos tuvieron espacios diferenciados de encuentro y reflexi\u00f3n:&hellip;<\/p>\n","protected":false},"author":1,"featured_media":10250,"comment_status":"closed","ping_status":"closed","sticky":false,"template":"","format":"standard","meta":[],"categories":[4],"tags":[],"_links":{"self":[{"href":"http:\/\/sanignacioconcepcion.cl\/sitio\/wp-json\/wp\/v2\/posts\/10249"}],"collection":[{"href":"http:\/\/sanignacioconcepcion.cl\/sitio\/wp-json\/wp\/v2\/posts"}],"about":[{"href":"http:\/\/sanignacioconcepcion.cl\/sitio\/wp-json\/wp\/v2\/types\/post"}],"author":[{"embeddable":true,"href":"http:\/\/sanignacioconcepcion.cl\/sitio\/wp-json\/wp\/v2\/users\/1"}],"replies":[{"embeddable":true,"href":"http:\/\/sanignacioconcepcion.cl\/sitio\/wp-json\/wp\/v2\/comments?post=10249"}],"version-history":[{"count":1,"href":"http:\/\/sanignacioconcepcion.cl\/sitio\/wp-json\/wp\/v2\/posts\/10249\/revisions"}],"predecessor-version":[{"id":10251,"href":"http:\/\/sanignacioconcepcion.cl\/sitio\/wp-json\/wp\/v2\/posts\/10249\/revisions\/10251"}],"wp:featuredmedia":[{"embeddable":true,"href":"http:\/\/sanignacioconcepcion.cl\/sitio\/wp-json\/wp\/v2\/media\/10250"}],"wp:attachment":[{"href":"http:\/\/sanignacioconcepcion.cl\/sitio\/wp-json\/wp\/v2\/media?parent=10249"}],"wp:term":[{"taxonomy":"category","embeddable":true,"href":"http:\/\/sanignacioconcepcion.cl\/sitio\/wp-json\/wp\/v2\/categories?post=10249"},{"taxonomy":"post_tag","embeddable":true,"href":"http:\/\/sanignacioconcepcion.cl\/sitio\/wp-json\/wp\/v2\/tags?post=10249"}],"curies":[{"name":"wp","href":"https:\/\/api.w.org\/{rel}","templated":true}]}}