{"id":10253,"date":"2025-07-18T14:20:00","date_gmt":"2025-07-18T18:20:00","guid":{"rendered":"https:\/\/sanignacioconcepcion.cl\/sitio\/?p=10253"},"modified":"2025-07-18T14:28:15","modified_gmt":"2025-07-18T18:28:15","slug":"evaluacion-dialect-en-primero-y-segundo-basicoesta-semana-se-aplico-la-evaluacion-dialect-a-los-estudiantes-de-primero-y-segundo-basico-una-herramienta-diagnostica-digital-desarrollada-por-la-univers","status":"publish","type":"post","link":"http:\/\/sanignacioconcepcion.cl\/sitio\/evaluacion-dialect-en-primero-y-segundo-basicoesta-semana-se-aplico-la-evaluacion-dialect-a-los-estudiantes-de-primero-y-segundo-basico-una-herramienta-diagnostica-digital-desarrollada-por-la-univers\/","title":{"rendered":"Evaluaci\u00f3n Dialect en Primero y Segundo B\u00e1sico"},"content":{"rendered":"<p data-start=\"129\" data-end=\"463\">Esta semana se aplic\u00f3 la evaluaci\u00f3n Dialect a los estudiantes de Primero y Segundo B\u00e1sico, una herramienta diagn\u00f3stica digital desarrollada por la Universidad de los Andes y Colegium, que permite medir habilidades clave para la comprensi\u00f3n lectora, como conciencia fonol\u00f3gica, vocabulario, decodificaci\u00f3n, entre otras.<\/p>\n<p data-start=\"465\" data-end=\"645\">Dialect entrega informaci\u00f3n detallada sobre las fortalezas y debilidades lectoras de cada estudiante, generando informes individuales y grupales que orientan el trabajo pedag\u00f3gico.<\/p>\n<p data-start=\"647\" data-end=\"832\">La evaluaci\u00f3n fue realizada de forma digital con apoyo del carro de computadores, y fue acompa\u00f1ada por la profesora Claudia Salgado y la Coordinadora Acad\u00e9mica Paulina Saavedra.<\/p>\n","protected":false},"excerpt":{"rendered":"<p>Esta semana se aplic\u00f3 la evaluaci\u00f3n Dialect a los estudiantes de Primero y Segundo B\u00e1sico, una herramienta diagn\u00f3stica digital desarrollada por la Universidad de los Andes y Colegium, que permite medir habilidades clave para la comprensi\u00f3n lectora, como conciencia fonol\u00f3gica, vocabulario, decodificaci\u00f3n, entre otras. Dialect entrega informaci\u00f3n detallada sobre las fortalezas y debilidades lectoras de&hellip;<\/p>\n","protected":false},"author":1,"featured_media":10254,"comment_status":"closed","ping_status":"closed","sticky":false,"template":"","format":"standard","meta":[],"categories":[4],"tags":[],"_links":{"self":[{"href":"http:\/\/sanignacioconcepcion.cl\/sitio\/wp-json\/wp\/v2\/posts\/10253"}],"collection":[{"href":"http:\/\/sanignacioconcepcion.cl\/sitio\/wp-json\/wp\/v2\/posts"}],"about":[{"href":"http:\/\/sanignacioconcepcion.cl\/sitio\/wp-json\/wp\/v2\/types\/post"}],"author":[{"embeddable":true,"href":"http:\/\/sanignacioconcepcion.cl\/sitio\/wp-json\/wp\/v2\/users\/1"}],"replies":[{"embeddable":true,"href":"http:\/\/sanignacioconcepcion.cl\/sitio\/wp-json\/wp\/v2\/comments?post=10253"}],"version-history":[{"count":2,"href":"http:\/\/sanignacioconcepcion.cl\/sitio\/wp-json\/wp\/v2\/posts\/10253\/revisions"}],"predecessor-version":[{"id":10262,"href":"http:\/\/sanignacioconcepcion.cl\/sitio\/wp-json\/wp\/v2\/posts\/10253\/revisions\/10262"}],"wp:featuredmedia":[{"embeddable":true,"href":"http:\/\/sanignacioconcepcion.cl\/sitio\/wp-json\/wp\/v2\/media\/10254"}],"wp:attachment":[{"href":"http:\/\/sanignacioconcepcion.cl\/sitio\/wp-json\/wp\/v2\/media?parent=10253"}],"wp:term":[{"taxonomy":"category","embeddable":true,"href":"http:\/\/sanignacioconcepcion.cl\/sitio\/wp-json\/wp\/v2\/categories?post=10253"},{"taxonomy":"post_tag","embeddable":true,"href":"http:\/\/sanignacioconcepcion.cl\/sitio\/wp-json\/wp\/v2\/tags?post=10253"}],"curies":[{"name":"wp","href":"https:\/\/api.w.org\/{rel}","templated":true}]}}