{"id":10259,"date":"2025-07-18T14:25:26","date_gmt":"2025-07-18T18:25:26","guid":{"rendered":"https:\/\/sanignacioconcepcion.cl\/sitio\/?p=10259"},"modified":"2025-07-18T14:25:26","modified_gmt":"2025-07-18T18:25:26","slug":"cafe-literario-un-espacio-para-hablar-de-lo-que-no-siempre-se-dice","status":"publish","type":"post","link":"http:\/\/sanignacioconcepcion.cl\/sitio\/cafe-literario-un-espacio-para-hablar-de-lo-que-no-siempre-se-dice\/","title":{"rendered":"Caf\u00e9 Literario: Un espacio para hablar de lo que no siempre se dice"},"content":{"rendered":"<p data-start=\"208\" data-end=\"558\">Este viernes 18 de julio se realiz\u00f3 en la biblioteca de nuestro colegio un nuevo Caf\u00e9 Literario, instancia en la que se compartieron los relatos del concurso de ficciones literarias \u201cLo que no se habla: relatos de salud mental, emociones, ansiedad o lo que muchas veces se guarda en silencio\u201d, organizado en el marco del Mes del Libro 2025.<\/p>\n<p data-start=\"560\" data-end=\"742\">Este espacio busc\u00f3 abrir la conversaci\u00f3n sobre temas profundos y significativos a trav\u00e9s de la literatura, destacando la creatividad, sensibilidad y valent\u00eda de nuestros estudiantes.<\/p>\n<p data-start=\"744\" data-end=\"790\">Felicitamos y agradecemos la participaci\u00f3n de:Dami\u00e1n Nova,Mariana Oyarzo, Felipe Neira y Emilia Carrasco, quienes compartieron sus relatos en un ambiente de encuentro, escucha y reflexi\u00f3n.<\/p>\n","protected":false},"excerpt":{"rendered":"<p>Este viernes 18 de julio se realiz\u00f3 en la biblioteca de nuestro colegio un nuevo Caf\u00e9 Literario, instancia en la que se compartieron los relatos del concurso de ficciones literarias \u201cLo que no se habla: relatos de salud mental, emociones, ansiedad o lo que muchas veces se guarda en silencio\u201d, organizado en el marco del&hellip;<\/p>\n","protected":false},"author":1,"featured_media":10260,"comment_status":"closed","ping_status":"closed","sticky":false,"template":"","format":"standard","meta":[],"categories":[4],"tags":[],"_links":{"self":[{"href":"http:\/\/sanignacioconcepcion.cl\/sitio\/wp-json\/wp\/v2\/posts\/10259"}],"collection":[{"href":"http:\/\/sanignacioconcepcion.cl\/sitio\/wp-json\/wp\/v2\/posts"}],"about":[{"href":"http:\/\/sanignacioconcepcion.cl\/sitio\/wp-json\/wp\/v2\/types\/post"}],"author":[{"embeddable":true,"href":"http:\/\/sanignacioconcepcion.cl\/sitio\/wp-json\/wp\/v2\/users\/1"}],"replies":[{"embeddable":true,"href":"http:\/\/sanignacioconcepcion.cl\/sitio\/wp-json\/wp\/v2\/comments?post=10259"}],"version-history":[{"count":1,"href":"http:\/\/sanignacioconcepcion.cl\/sitio\/wp-json\/wp\/v2\/posts\/10259\/revisions"}],"predecessor-version":[{"id":10261,"href":"http:\/\/sanignacioconcepcion.cl\/sitio\/wp-json\/wp\/v2\/posts\/10259\/revisions\/10261"}],"wp:featuredmedia":[{"embeddable":true,"href":"http:\/\/sanignacioconcepcion.cl\/sitio\/wp-json\/wp\/v2\/media\/10260"}],"wp:attachment":[{"href":"http:\/\/sanignacioconcepcion.cl\/sitio\/wp-json\/wp\/v2\/media?parent=10259"}],"wp:term":[{"taxonomy":"category","embeddable":true,"href":"http:\/\/sanignacioconcepcion.cl\/sitio\/wp-json\/wp\/v2\/categories?post=10259"},{"taxonomy":"post_tag","embeddable":true,"href":"http:\/\/sanignacioconcepcion.cl\/sitio\/wp-json\/wp\/v2\/tags?post=10259"}],"curies":[{"name":"wp","href":"https:\/\/api.w.org\/{rel}","templated":true}]}}