{"id":10266,"date":"2025-07-21T10:14:30","date_gmt":"2025-07-21T14:14:30","guid":{"rendered":"https:\/\/sanignacioconcepcion.cl\/sitio\/?p=10266"},"modified":"2025-07-21T10:28:01","modified_gmt":"2025-07-21T14:28:01","slug":"44-estudiantes-recibieron-el-sacramento-de-la-confirmacion","status":"publish","type":"post","link":"http:\/\/sanignacioconcepcion.cl\/sitio\/44-estudiantes-recibieron-el-sacramento-de-la-confirmacion\/","title":{"rendered":"44 estudiantes recibieron el Sacramento de la Confirmaci\u00f3n"},"content":{"rendered":"<p data-start=\"320\" data-end=\"756\">El s\u00e1bado 19 de julio fue un d\u00eda de profunda emoci\u00f3n y alegr\u00eda para nuestra comunidad ignaciana. En una ceremonia llena de sentido, 44 estudiantes de IV\u00b0 Medio recibieron el Sacramento de la Confirmaci\u00f3n, dando un paso valiente y libre en su camino de fe. La misa fue presidida por Monse\u00f1or Sergio P\u00e9rez de Arce Arriagada, Arzobispo de Concepci\u00f3n, y celebrada junto a sus madrinas, padrinos, familias y miembros del colegio San Ignacio.<\/p>\n<p data-start=\"758\" data-end=\"1113\">Este sacramento, que los propios j\u00f3venes han pedido a la Iglesia, no solo fortalece su v\u00ednculo con Dios, sino que tambi\u00e9n los env\u00eda a vivir con mayor madurez y compromiso el Evangelio. En una etapa en que comienzan a despedirse del colegio y a proyectar sus caminos personales, la Confirmaci\u00f3n se vuelve un gesto profundo de esperanza, arraigo y libertad.<\/p>\n<p data-start=\"1115\" data-end=\"1410\">Ver a nuestros estudiantes decir \u00abs\u00ed\u00bb con el coraz\u00f3n abierto, acompa\u00f1ados por quienes los han sostenido en la vida, nos llena de gratitud y orgullo. Como comunidad, nos alegra y conmueve ser testigos de su decisi\u00f3n: la de seguir caminando con Jes\u00fas, abrazando el amor que transforma y construye. <a href=\"https:\/\/photos.app.goo.gl\/WXk6RBT35Yb1FzBj8\"><strong>Ver Fotos<\/strong><\/a><\/p>\n","protected":false},"excerpt":{"rendered":"<p>El s\u00e1bado 19 de julio fue un d\u00eda de profunda emoci\u00f3n y alegr\u00eda para nuestra comunidad ignaciana. En una ceremonia llena de sentido, 44 estudiantes de IV\u00b0 Medio recibieron el Sacramento de la Confirmaci\u00f3n, dando un paso valiente y libre en su camino de fe. La misa fue presidida por Monse\u00f1or Sergio P\u00e9rez de Arce&hellip;<\/p>\n","protected":false},"author":1,"featured_media":10267,"comment_status":"closed","ping_status":"closed","sticky":false,"template":"","format":"standard","meta":[],"categories":[4],"tags":[],"_links":{"self":[{"href":"http:\/\/sanignacioconcepcion.cl\/sitio\/wp-json\/wp\/v2\/posts\/10266"}],"collection":[{"href":"http:\/\/sanignacioconcepcion.cl\/sitio\/wp-json\/wp\/v2\/posts"}],"about":[{"href":"http:\/\/sanignacioconcepcion.cl\/sitio\/wp-json\/wp\/v2\/types\/post"}],"author":[{"embeddable":true,"href":"http:\/\/sanignacioconcepcion.cl\/sitio\/wp-json\/wp\/v2\/users\/1"}],"replies":[{"embeddable":true,"href":"http:\/\/sanignacioconcepcion.cl\/sitio\/wp-json\/wp\/v2\/comments?post=10266"}],"version-history":[{"count":2,"href":"http:\/\/sanignacioconcepcion.cl\/sitio\/wp-json\/wp\/v2\/posts\/10266\/revisions"}],"predecessor-version":[{"id":10269,"href":"http:\/\/sanignacioconcepcion.cl\/sitio\/wp-json\/wp\/v2\/posts\/10266\/revisions\/10269"}],"wp:featuredmedia":[{"embeddable":true,"href":"http:\/\/sanignacioconcepcion.cl\/sitio\/wp-json\/wp\/v2\/media\/10267"}],"wp:attachment":[{"href":"http:\/\/sanignacioconcepcion.cl\/sitio\/wp-json\/wp\/v2\/media?parent=10266"}],"wp:term":[{"taxonomy":"category","embeddable":true,"href":"http:\/\/sanignacioconcepcion.cl\/sitio\/wp-json\/wp\/v2\/categories?post=10266"},{"taxonomy":"post_tag","embeddable":true,"href":"http:\/\/sanignacioconcepcion.cl\/sitio\/wp-json\/wp\/v2\/tags?post=10266"}],"curies":[{"name":"wp","href":"https:\/\/api.w.org\/{rel}","templated":true}]}}