{"id":10285,"date":"2025-07-24T08:52:33","date_gmt":"2025-07-24T12:52:33","guid":{"rendered":"https:\/\/sanignacioconcepcion.cl\/sitio\/?p=10285"},"modified":"2025-07-24T08:52:33","modified_gmt":"2025-07-24T12:52:33","slug":"estudiantes-reflexionan-sobre-su-rol-como-lideres-en-la-iglesia","status":"publish","type":"post","link":"http:\/\/sanignacioconcepcion.cl\/sitio\/estudiantes-reflexionan-sobre-su-rol-como-lideres-en-la-iglesia\/","title":{"rendered":"Estudiantes reflexionan sobre su rol como l\u00edderes en la Iglesia"},"content":{"rendered":"<p data-start=\"176\" data-end=\"406\">Representantes de los Centros de Estudiantes de colegios de Iglesia de la Arquidi\u00f3cesis participaron en un encuentro en\u00a0 Casa Betania, donde reflexionaron sobre su liderazgo desde los valores del Evangelio.<\/p>\n<p data-start=\"408\" data-end=\"635\">Durante la jornada, Monse\u00f1or Sergio P\u00e9rez de Arce los invit\u00f3 a mirar la realidad del pa\u00eds con sentido cr\u00edtico y fraterno, proponiendo la par\u00e1bola del Buen Samaritano como gu\u00eda para actuar desde la Doctrina Social de la Iglesia.<\/p>\n<p data-start=\"637\" data-end=\"674\">Desde nuestro colegio participaron:<\/p>\n<ul data-start=\"675\" data-end=\"889\">\n<li data-start=\"675\" data-end=\"728\">\n<p data-start=\"677\" data-end=\"728\">Amanda Quevedo (3\u00b0MC) \u2013 Ministerio de Cultura<\/p>\n<\/li>\n<li data-start=\"729\" data-end=\"783\">\n<p data-start=\"731\" data-end=\"783\">Martina Morales (2\u00b0MA) \u2013 Ministerio de Cultura<\/p>\n<\/li>\n<li data-start=\"784\" data-end=\"837\">\n<p data-start=\"786\" data-end=\"837\">Consuelo Molina (2\u00b0MA) \u2013 Ministerio de C\u00edvica<\/p>\n<\/li>\n<li data-start=\"838\" data-end=\"889\">\n<p data-start=\"840\" data-end=\"889\">Antonia G\u00f3mez (3\u00b0MA) \u2013 Ministerio de C\u00edvica<\/p>\n<\/li>\n<\/ul>\n","protected":false},"excerpt":{"rendered":"<p>Representantes de los Centros de Estudiantes de colegios de Iglesia de la Arquidi\u00f3cesis participaron en un encuentro en\u00a0 Casa Betania, donde reflexionaron sobre su liderazgo desde los valores del Evangelio. Durante la jornada, Monse\u00f1or Sergio P\u00e9rez de Arce los invit\u00f3 a mirar la realidad del pa\u00eds con sentido cr\u00edtico y fraterno, proponiendo la par\u00e1bola del&hellip;<\/p>\n","protected":false},"author":1,"featured_media":10286,"comment_status":"closed","ping_status":"closed","sticky":false,"template":"","format":"standard","meta":[],"categories":[4],"tags":[],"_links":{"self":[{"href":"http:\/\/sanignacioconcepcion.cl\/sitio\/wp-json\/wp\/v2\/posts\/10285"}],"collection":[{"href":"http:\/\/sanignacioconcepcion.cl\/sitio\/wp-json\/wp\/v2\/posts"}],"about":[{"href":"http:\/\/sanignacioconcepcion.cl\/sitio\/wp-json\/wp\/v2\/types\/post"}],"author":[{"embeddable":true,"href":"http:\/\/sanignacioconcepcion.cl\/sitio\/wp-json\/wp\/v2\/users\/1"}],"replies":[{"embeddable":true,"href":"http:\/\/sanignacioconcepcion.cl\/sitio\/wp-json\/wp\/v2\/comments?post=10285"}],"version-history":[{"count":1,"href":"http:\/\/sanignacioconcepcion.cl\/sitio\/wp-json\/wp\/v2\/posts\/10285\/revisions"}],"predecessor-version":[{"id":10287,"href":"http:\/\/sanignacioconcepcion.cl\/sitio\/wp-json\/wp\/v2\/posts\/10285\/revisions\/10287"}],"wp:featuredmedia":[{"embeddable":true,"href":"http:\/\/sanignacioconcepcion.cl\/sitio\/wp-json\/wp\/v2\/media\/10286"}],"wp:attachment":[{"href":"http:\/\/sanignacioconcepcion.cl\/sitio\/wp-json\/wp\/v2\/media?parent=10285"}],"wp:term":[{"taxonomy":"category","embeddable":true,"href":"http:\/\/sanignacioconcepcion.cl\/sitio\/wp-json\/wp\/v2\/categories?post=10285"},{"taxonomy":"post_tag","embeddable":true,"href":"http:\/\/sanignacioconcepcion.cl\/sitio\/wp-json\/wp\/v2\/tags?post=10285"}],"curies":[{"name":"wp","href":"https:\/\/api.w.org\/{rel}","templated":true}]}}