{"id":10295,"date":"2025-07-30T10:25:01","date_gmt":"2025-07-30T14:25:01","guid":{"rendered":"https:\/\/sanignacioconcepcion.cl\/sitio\/?p=10295"},"modified":"2025-07-30T10:25:01","modified_gmt":"2025-07-30T14:25:01","slug":"estudiantes-de-3-basico-participan-en-ruta-talentos-udec","status":"publish","type":"post","link":"http:\/\/sanignacioconcepcion.cl\/sitio\/estudiantes-de-3-basico-participan-en-ruta-talentos-udec\/","title":{"rendered":"Estudiantes de 3\u00b0 b\u00e1sico participan en Ruta Talentos UdeC"},"content":{"rendered":"<p data-start=\"233\" data-end=\"601\">Cinco estudiantes de nuestro colegio participaron con entusiasmo en la segunda versi\u00f3n de la iniciativa <strong data-start=\"337\" data-end=\"359\">Ruta Talentos UdeC<\/strong>, organizada por el Programa Talentos de la Universidad de Concepci\u00f3n. Este espacio est\u00e1 dirigido a ni\u00f1os y ni\u00f1as de 3\u00b0 y 4\u00b0 b\u00e1sico que han sido identificados, o se encuentran en proceso de identificaci\u00f3n, con altas capacidades intelectuales.<\/p>\n<p data-start=\"603\" data-end=\"689\">Felicitamos a los y las estudiantes que representaron a nuestra comunidad educativa:<\/p>\n<ul data-start=\"690\" data-end=\"809\">\n<li data-start=\"690\" data-end=\"715\">\n<p data-start=\"692\" data-end=\"715\">Mateo Rodr\u00edguez (3\u00b0A)<\/p>\n<\/li>\n<li data-start=\"716\" data-end=\"737\">\n<p data-start=\"718\" data-end=\"737\">Ignacio Gil (3\u00b0A)<\/p>\n<\/li>\n<li data-start=\"738\" data-end=\"761\">\n<p data-start=\"740\" data-end=\"761\">Maite Cabrera (3\u00b0A)<\/p>\n<\/li>\n<li data-start=\"762\" data-end=\"788\">\n<p data-start=\"764\" data-end=\"788\">Facundo Mart\u00ednez (3\u00b0B)<\/p>\n<\/li>\n<li data-start=\"789\" data-end=\"809\">\n<p data-start=\"791\" data-end=\"809\">Helena Trejo (3\u00b0C)<\/p>\n<\/li>\n<\/ul>\n<p data-start=\"811\" data-end=\"1228\">Ruta Talentos UdeC tiene como prop\u00f3sito fortalecer el desarrollo cognitivo y socioemocional de sus participantes a trav\u00e9s de un enfoque integral e inclusivo. Durante la edici\u00f3n de invierno, los estudiantes tuvieron la oportunidad de asistir a talleres en \u00e1reas como astronom\u00eda, literatura y neurociencias, dictados por acad\u00e9micos expertos, adem\u00e1s de compartir con pares que comparten sus intereses y motivaciones.<\/p>\n","protected":false},"excerpt":{"rendered":"<p>Cinco estudiantes de nuestro colegio participaron con entusiasmo en la segunda versi\u00f3n de la iniciativa Ruta Talentos UdeC, organizada por el Programa Talentos de la Universidad de Concepci\u00f3n. Este espacio est\u00e1 dirigido a ni\u00f1os y ni\u00f1as de 3\u00b0 y 4\u00b0 b\u00e1sico que han sido identificados, o se encuentran en proceso de identificaci\u00f3n, con altas capacidades&hellip;<\/p>\n","protected":false},"author":1,"featured_media":10296,"comment_status":"closed","ping_status":"closed","sticky":false,"template":"","format":"standard","meta":[],"categories":[4],"tags":[],"_links":{"self":[{"href":"http:\/\/sanignacioconcepcion.cl\/sitio\/wp-json\/wp\/v2\/posts\/10295"}],"collection":[{"href":"http:\/\/sanignacioconcepcion.cl\/sitio\/wp-json\/wp\/v2\/posts"}],"about":[{"href":"http:\/\/sanignacioconcepcion.cl\/sitio\/wp-json\/wp\/v2\/types\/post"}],"author":[{"embeddable":true,"href":"http:\/\/sanignacioconcepcion.cl\/sitio\/wp-json\/wp\/v2\/users\/1"}],"replies":[{"embeddable":true,"href":"http:\/\/sanignacioconcepcion.cl\/sitio\/wp-json\/wp\/v2\/comments?post=10295"}],"version-history":[{"count":1,"href":"http:\/\/sanignacioconcepcion.cl\/sitio\/wp-json\/wp\/v2\/posts\/10295\/revisions"}],"predecessor-version":[{"id":10297,"href":"http:\/\/sanignacioconcepcion.cl\/sitio\/wp-json\/wp\/v2\/posts\/10295\/revisions\/10297"}],"wp:featuredmedia":[{"embeddable":true,"href":"http:\/\/sanignacioconcepcion.cl\/sitio\/wp-json\/wp\/v2\/media\/10296"}],"wp:attachment":[{"href":"http:\/\/sanignacioconcepcion.cl\/sitio\/wp-json\/wp\/v2\/media?parent=10295"}],"wp:term":[{"taxonomy":"category","embeddable":true,"href":"http:\/\/sanignacioconcepcion.cl\/sitio\/wp-json\/wp\/v2\/categories?post=10295"},{"taxonomy":"post_tag","embeddable":true,"href":"http:\/\/sanignacioconcepcion.cl\/sitio\/wp-json\/wp\/v2\/tags?post=10295"}],"curies":[{"name":"wp","href":"https:\/\/api.w.org\/{rel}","templated":true}]}}