{"id":10298,"date":"2025-07-30T10:31:35","date_gmt":"2025-07-30T14:31:35","guid":{"rendered":"https:\/\/sanignacioconcepcion.cl\/sitio\/?p=10298"},"modified":"2025-07-30T10:31:35","modified_gmt":"2025-07-30T14:31:35","slug":"educadores-participan-en-formacion-sobre-san-ignacio-de-loyola","status":"publish","type":"post","link":"http:\/\/sanignacioconcepcion.cl\/sitio\/educadores-participan-en-formacion-sobre-san-ignacio-de-loyola\/","title":{"rendered":"Educadores participan en formaci\u00f3n sobre San Ignacio de Loyola"},"content":{"rendered":"<p data-start=\"216\" data-end=\"530\">En el marco de la conmemoraci\u00f3n del D\u00eda de San Ignacio de Loyola, el martes 29 de julio se llev\u00f3 a cabo una jornada de formaci\u00f3n general para los educadores de nuestra comunidad, con el objetivo de retomar y profundizar en la espiritualidad ignaciana que da sentido a nuestro proyecto educativo.<\/p>\n<p data-start=\"532\" data-end=\"924\">La actividad comenz\u00f3 con una exposici\u00f3n a cargo del Padre \u00d3scar \u00c1vila SJ, quien comparti\u00f3 una reflexi\u00f3n sobre la vida de San Ignacio, su proceso de conversi\u00f3n y su legado espiritual. A trav\u00e9s de su relato, los participantes pudieron conocer m\u00e1s a fondo la historia del fundador de la Compa\u00f1\u00eda de Jes\u00fas y c\u00f3mo su experiencia interior puede iluminar tambi\u00e9n el camino de los educadores hoy.<\/p>\n<p data-start=\"926\" data-end=\"1158\">Posteriormente, se desarrollaron espacios de trabajo y reflexi\u00f3n, en los que cada educador pudo vincular la espiritualidad ignaciana con su propia vocaci\u00f3n.<\/p>\n<p data-start=\"1160\" data-end=\"1391\">\n","protected":false},"excerpt":{"rendered":"<p>En el marco de la conmemoraci\u00f3n del D\u00eda de San Ignacio de Loyola, el martes 29 de julio se llev\u00f3 a cabo una jornada de formaci\u00f3n general para los educadores de nuestra comunidad, con el objetivo de retomar y profundizar en la espiritualidad ignaciana que da sentido a nuestro proyecto educativo. La actividad comenz\u00f3 con&hellip;<\/p>\n","protected":false},"author":1,"featured_media":10299,"comment_status":"closed","ping_status":"closed","sticky":false,"template":"","format":"standard","meta":[],"categories":[4],"tags":[],"_links":{"self":[{"href":"http:\/\/sanignacioconcepcion.cl\/sitio\/wp-json\/wp\/v2\/posts\/10298"}],"collection":[{"href":"http:\/\/sanignacioconcepcion.cl\/sitio\/wp-json\/wp\/v2\/posts"}],"about":[{"href":"http:\/\/sanignacioconcepcion.cl\/sitio\/wp-json\/wp\/v2\/types\/post"}],"author":[{"embeddable":true,"href":"http:\/\/sanignacioconcepcion.cl\/sitio\/wp-json\/wp\/v2\/users\/1"}],"replies":[{"embeddable":true,"href":"http:\/\/sanignacioconcepcion.cl\/sitio\/wp-json\/wp\/v2\/comments?post=10298"}],"version-history":[{"count":1,"href":"http:\/\/sanignacioconcepcion.cl\/sitio\/wp-json\/wp\/v2\/posts\/10298\/revisions"}],"predecessor-version":[{"id":10300,"href":"http:\/\/sanignacioconcepcion.cl\/sitio\/wp-json\/wp\/v2\/posts\/10298\/revisions\/10300"}],"wp:featuredmedia":[{"embeddable":true,"href":"http:\/\/sanignacioconcepcion.cl\/sitio\/wp-json\/wp\/v2\/media\/10299"}],"wp:attachment":[{"href":"http:\/\/sanignacioconcepcion.cl\/sitio\/wp-json\/wp\/v2\/media?parent=10298"}],"wp:term":[{"taxonomy":"category","embeddable":true,"href":"http:\/\/sanignacioconcepcion.cl\/sitio\/wp-json\/wp\/v2\/categories?post=10298"},{"taxonomy":"post_tag","embeddable":true,"href":"http:\/\/sanignacioconcepcion.cl\/sitio\/wp-json\/wp\/v2\/tags?post=10298"}],"curies":[{"name":"wp","href":"https:\/\/api.w.org\/{rel}","templated":true}]}}