{"id":10301,"date":"2025-07-31T11:17:47","date_gmt":"2025-07-31T15:17:47","guid":{"rendered":"https:\/\/sanignacioconcepcion.cl\/sitio\/?p=10301"},"modified":"2025-07-31T11:17:47","modified_gmt":"2025-07-31T15:17:47","slug":"retorno-a-clases-viernes-1-de-agosto","status":"publish","type":"post","link":"http:\/\/sanignacioconcepcion.cl\/sitio\/retorno-a-clases-viernes-1-de-agosto\/","title":{"rendered":"Retorno a clases viernes 1 de agosto"},"content":{"rendered":"<p>Estimadas familias:<\/p>\n<p>Esperando que se encuentren bien, les informamos que todas las alertas han sido levantadas y que ma\u00f1ana, viernes 1 de agosto, retomamos las actividades escolares en forma presencial.<\/p>\n<p>Ma\u00f1ana se llevar\u00e1 a cabo la programaci\u00f3n que originalmente estaba contemplada para hoy, jueves 31 de julio, en el marco de la celebraci\u00f3n de San Ignacio de Loyola y todos los <strong>estudiantes pueden asistir con el buzo del colegio.<\/strong><\/p>\n<p>Es muy importante que no falten, ya que viviremos una jornada significativa para nuestra comunidad, celebrando el legado de San Ignacio, y adem\u00e1s se desarrollar\u00e1n clases normales en algunos bloques.<\/p>\n<p>Los horarios de salida ser\u00e1n diferidos, seg\u00fan el siguiente detalle:<\/p>\n<ul>\n<li><strong>Ciclo Loyola:<\/strong> 13:00 horas<\/li>\n<li><strong>Ciclos Manresa y Roma:<\/strong> 13:20 horas<\/li>\n<\/ul>\n<p><strong>El servicio de alimentaci\u00f3n JUNAEB funcionar\u00e1 en estos horarios:<\/strong><\/p>\n<ul>\n<li><strong>Ciclo Loyola:<\/strong> almuerzo a las 12:20 horas<\/li>\n<li><strong>Ciclos Manresa y Roma:<\/strong> almuerzo a las 13:20 horas, en su horario de salida<\/li>\n<\/ul>\n<p><strong>Las actividades ACLE quedan suspendidas durante el viernes 1 de agosto.<\/strong><\/p>\n<p>Y finalmente, los motivamos a acompa\u00f1ar a sus hijos e hijas en la alegr\u00eda de esta celebraci\u00f3n, que renueva nuestro compromiso con el proyecto educativo inspirado en San Ignacio de Loyola.<\/p>\n","protected":false},"excerpt":{"rendered":"<p>Estimadas familias: Esperando que se encuentren bien, les informamos que todas las alertas han sido levantadas y que ma\u00f1ana, viernes 1 de agosto, retomamos las actividades escolares en forma presencial. Ma\u00f1ana se llevar\u00e1 a cabo la programaci\u00f3n que originalmente estaba contemplada para hoy, jueves 31 de julio, en el marco de la celebraci\u00f3n de San&hellip;<\/p>\n","protected":false},"author":1,"featured_media":0,"comment_status":"closed","ping_status":"closed","sticky":false,"template":"","format":"standard","meta":[],"categories":[3],"tags":[],"_links":{"self":[{"href":"http:\/\/sanignacioconcepcion.cl\/sitio\/wp-json\/wp\/v2\/posts\/10301"}],"collection":[{"href":"http:\/\/sanignacioconcepcion.cl\/sitio\/wp-json\/wp\/v2\/posts"}],"about":[{"href":"http:\/\/sanignacioconcepcion.cl\/sitio\/wp-json\/wp\/v2\/types\/post"}],"author":[{"embeddable":true,"href":"http:\/\/sanignacioconcepcion.cl\/sitio\/wp-json\/wp\/v2\/users\/1"}],"replies":[{"embeddable":true,"href":"http:\/\/sanignacioconcepcion.cl\/sitio\/wp-json\/wp\/v2\/comments?post=10301"}],"version-history":[{"count":1,"href":"http:\/\/sanignacioconcepcion.cl\/sitio\/wp-json\/wp\/v2\/posts\/10301\/revisions"}],"predecessor-version":[{"id":10302,"href":"http:\/\/sanignacioconcepcion.cl\/sitio\/wp-json\/wp\/v2\/posts\/10301\/revisions\/10302"}],"wp:attachment":[{"href":"http:\/\/sanignacioconcepcion.cl\/sitio\/wp-json\/wp\/v2\/media?parent=10301"}],"wp:term":[{"taxonomy":"category","embeddable":true,"href":"http:\/\/sanignacioconcepcion.cl\/sitio\/wp-json\/wp\/v2\/categories?post=10301"},{"taxonomy":"post_tag","embeddable":true,"href":"http:\/\/sanignacioconcepcion.cl\/sitio\/wp-json\/wp\/v2\/tags?post=10301"}],"curies":[{"name":"wp","href":"https:\/\/api.w.org\/{rel}","templated":true}]}}