{"id":10304,"date":"2025-08-01T12:42:25","date_gmt":"2025-08-01T16:42:25","guid":{"rendered":"https:\/\/sanignacioconcepcion.cl\/sitio\/?p=10304"},"modified":"2025-08-01T12:42:25","modified_gmt":"2025-08-01T16:42:25","slug":"celebramos-a-san-ignacio-con-alegria","status":"publish","type":"post","link":"http:\/\/sanignacioconcepcion.cl\/sitio\/celebramos-a-san-ignacio-con-alegria\/","title":{"rendered":"Celebramos a San Ignacio con alegr\u00eda"},"content":{"rendered":"<p data-start=\"136\" data-end=\"452\">Durante la ma\u00f1ana de este viernes 1 de agosto, recibimos a nuestras y nuestros estudiantes con dulces y la alegre presencia de la mascota del colegio, que esta vez lleg\u00f3 vestida de San Ignacio. Esta especial bienvenida fue parte de la celebraci\u00f3n del d\u00eda de San Ignacio de Loyola, que conmemoramos ayer, 31 de julio.<\/p>\n<p data-start=\"454\" data-end=\"658\">Posteriormente, cada curso particip\u00f3 en una activaci\u00f3n formativa que incluy\u00f3 espacios de reflexi\u00f3n y trabajo en grupo, en torno al legado ignaciano y los valores que nos inspiran como comunidad educativa.<\/p>\n<p data-start=\"660\" data-end=\"863\">El primer recreo fue extendido para dar paso a un momento de esparcimiento especial, donde los estudiantes pudieron jugar, pintar, bailar y disfrutar de un concierto en el patio de la cruz.<\/p>\n<p data-start=\"865\" data-end=\"1080\">Para finalizar la jornada, representantes de cada curso y de los movimientos pastorales del colegio participaron en la Eucarist\u00eda en honor a San Ignacio, renovando nuestro compromiso con su ejemplo y espiritualidad.<a href=\"https:\/\/photos.app.goo.gl\/th2qkL4r4RkU73km6\"><span style=\"color: #800000;\"><strong> Ver fotos<\/strong><\/span><\/a><\/p>\n","protected":false},"excerpt":{"rendered":"<p>Durante la ma\u00f1ana de este viernes 1 de agosto, recibimos a nuestras y nuestros estudiantes con dulces y la alegre presencia de la mascota del colegio, que esta vez lleg\u00f3 vestida de San Ignacio. Esta especial bienvenida fue parte de la celebraci\u00f3n del d\u00eda de San Ignacio de Loyola, que conmemoramos ayer, 31 de julio.&hellip;<\/p>\n","protected":false},"author":1,"featured_media":10305,"comment_status":"closed","ping_status":"closed","sticky":false,"template":"","format":"standard","meta":[],"categories":[4],"tags":[],"_links":{"self":[{"href":"http:\/\/sanignacioconcepcion.cl\/sitio\/wp-json\/wp\/v2\/posts\/10304"}],"collection":[{"href":"http:\/\/sanignacioconcepcion.cl\/sitio\/wp-json\/wp\/v2\/posts"}],"about":[{"href":"http:\/\/sanignacioconcepcion.cl\/sitio\/wp-json\/wp\/v2\/types\/post"}],"author":[{"embeddable":true,"href":"http:\/\/sanignacioconcepcion.cl\/sitio\/wp-json\/wp\/v2\/users\/1"}],"replies":[{"embeddable":true,"href":"http:\/\/sanignacioconcepcion.cl\/sitio\/wp-json\/wp\/v2\/comments?post=10304"}],"version-history":[{"count":1,"href":"http:\/\/sanignacioconcepcion.cl\/sitio\/wp-json\/wp\/v2\/posts\/10304\/revisions"}],"predecessor-version":[{"id":10306,"href":"http:\/\/sanignacioconcepcion.cl\/sitio\/wp-json\/wp\/v2\/posts\/10304\/revisions\/10306"}],"wp:featuredmedia":[{"embeddable":true,"href":"http:\/\/sanignacioconcepcion.cl\/sitio\/wp-json\/wp\/v2\/media\/10305"}],"wp:attachment":[{"href":"http:\/\/sanignacioconcepcion.cl\/sitio\/wp-json\/wp\/v2\/media?parent=10304"}],"wp:term":[{"taxonomy":"category","embeddable":true,"href":"http:\/\/sanignacioconcepcion.cl\/sitio\/wp-json\/wp\/v2\/categories?post=10304"},{"taxonomy":"post_tag","embeddable":true,"href":"http:\/\/sanignacioconcepcion.cl\/sitio\/wp-json\/wp\/v2\/tags?post=10304"}],"curies":[{"name":"wp","href":"https:\/\/api.w.org\/{rel}","templated":true}]}}