{"id":10308,"date":"2025-08-04T11:39:59","date_gmt":"2025-08-04T15:39:59","guid":{"rendered":"https:\/\/sanignacioconcepcion.cl\/sitio\/?p=10308"},"modified":"2025-08-04T11:39:59","modified_gmt":"2025-08-04T15:39:59","slug":"misa-de-san-ignacio-reunio-a-la-comunidad","status":"publish","type":"post","link":"http:\/\/sanignacioconcepcion.cl\/sitio\/misa-de-san-ignacio-reunio-a-la-comunidad\/","title":{"rendered":"Misa de San Ignacio reuni\u00f3 a la comunidad"},"content":{"rendered":"<p data-start=\"153\" data-end=\"474\">Este domingo 3 de agosto se celebr\u00f3 en la capilla del colegio la Misa en honor a San Ignacio de Loyola, organizada por la Red Apost\u00f3lica Ignaciana. La eucarist\u00eda cont\u00f3 con la participaci\u00f3n de representantes de las distintas obras de la Compa\u00f1\u00eda de Jes\u00fas en la zona, as\u00ed como miembros de la comunidad educativa y pastoral.<\/p>\n<p data-start=\"476\" data-end=\"834\">Durante la homil\u00eda, el Padre Luis Roblero SJ invit\u00f3 a los presentes a discernir en conjunto el paso de Dios por el mundo. Con fuerza, destac\u00f3 que \u201csomos todos ignacianos y nos sentimos orgullosos (&#8230;) y\u00a0 Dios nos llama a caminar con sencillez, con humildad, pero con decisi\u00f3n, porque vivimos en un mundo complejo\u201d.<\/p>\n<p data-start=\"836\" data-end=\"977\" data-is-last-node=\"\" data-is-only-node=\"\">Fue un momento de encuentro y renovaci\u00f3n del compromiso con la espiritualidad ignaciana, que sigue inspirando nuestro caminar como comunidad.<\/p>\n","protected":false},"excerpt":{"rendered":"<p>Este domingo 3 de agosto se celebr\u00f3 en la capilla del colegio la Misa en honor a San Ignacio de Loyola, organizada por la Red Apost\u00f3lica Ignaciana. La eucarist\u00eda cont\u00f3 con la participaci\u00f3n de representantes de las distintas obras de la Compa\u00f1\u00eda de Jes\u00fas en la zona, as\u00ed como miembros de la comunidad educativa y&hellip;<\/p>\n","protected":false},"author":1,"featured_media":10309,"comment_status":"closed","ping_status":"closed","sticky":false,"template":"","format":"standard","meta":[],"categories":[4],"tags":[],"_links":{"self":[{"href":"http:\/\/sanignacioconcepcion.cl\/sitio\/wp-json\/wp\/v2\/posts\/10308"}],"collection":[{"href":"http:\/\/sanignacioconcepcion.cl\/sitio\/wp-json\/wp\/v2\/posts"}],"about":[{"href":"http:\/\/sanignacioconcepcion.cl\/sitio\/wp-json\/wp\/v2\/types\/post"}],"author":[{"embeddable":true,"href":"http:\/\/sanignacioconcepcion.cl\/sitio\/wp-json\/wp\/v2\/users\/1"}],"replies":[{"embeddable":true,"href":"http:\/\/sanignacioconcepcion.cl\/sitio\/wp-json\/wp\/v2\/comments?post=10308"}],"version-history":[{"count":1,"href":"http:\/\/sanignacioconcepcion.cl\/sitio\/wp-json\/wp\/v2\/posts\/10308\/revisions"}],"predecessor-version":[{"id":10310,"href":"http:\/\/sanignacioconcepcion.cl\/sitio\/wp-json\/wp\/v2\/posts\/10308\/revisions\/10310"}],"wp:featuredmedia":[{"embeddable":true,"href":"http:\/\/sanignacioconcepcion.cl\/sitio\/wp-json\/wp\/v2\/media\/10309"}],"wp:attachment":[{"href":"http:\/\/sanignacioconcepcion.cl\/sitio\/wp-json\/wp\/v2\/media?parent=10308"}],"wp:term":[{"taxonomy":"category","embeddable":true,"href":"http:\/\/sanignacioconcepcion.cl\/sitio\/wp-json\/wp\/v2\/categories?post=10308"},{"taxonomy":"post_tag","embeddable":true,"href":"http:\/\/sanignacioconcepcion.cl\/sitio\/wp-json\/wp\/v2\/tags?post=10308"}],"curies":[{"name":"wp","href":"https:\/\/api.w.org\/{rel}","templated":true}]}}