{"id":10324,"date":"2025-08-06T11:42:43","date_gmt":"2025-08-06T15:42:43","guid":{"rendered":"https:\/\/sanignacioconcepcion.cl\/sitio\/?p=10324"},"modified":"2025-08-06T11:42:43","modified_gmt":"2025-08-06T15:42:43","slug":"voleibol-sub-17-clasifica-a-etapa-regional-de-los-juegos-deportivos-escolares","status":"publish","type":"post","link":"http:\/\/sanignacioconcepcion.cl\/sitio\/voleibol-sub-17-clasifica-a-etapa-regional-de-los-juegos-deportivos-escolares\/","title":{"rendered":"V\u00f3leibol Sub 17 clasifica a etapa regional de los Juegos Deportivos Escolares"},"content":{"rendered":"<p data-start=\"96\" data-end=\"180\">El martes 5 de agosto, el equipo de v\u00f3leibol categor\u00eda Juvenil (sub 17) de nuestro colegio particip\u00f3 en la definici\u00f3n de la etapa provincial de los Juegos Deportivos Escolares 2025, enfrent\u00e1ndose a establecimientos de la zona en una intensa jornada deportiva.<\/p>\n<p data-start=\"443\" data-end=\"489\">Nuestros estudiantes disputaron tres partidos:<\/p>\n<ul data-start=\"490\" data-end=\"659\">\n<li data-start=\"490\" data-end=\"547\">\n<p data-start=\"492\" data-end=\"547\"><strong data-start=\"492\" data-end=\"530\">San Ignacio vs. Colegio Adventista<\/strong> | Victoria 2-0<\/p>\n<\/li>\n<li data-start=\"548\" data-end=\"604\">\n<p data-start=\"550\" data-end=\"604\"><strong data-start=\"550\" data-end=\"588\">San Ignacio vs. Sagrados Corazones<\/strong> | Derrota 0-2<\/p>\n<\/li>\n<li data-start=\"605\" data-end=\"659\">\n<p data-start=\"607\" data-end=\"659\"><strong data-start=\"607\" data-end=\"642\">San Ignacio vs. Almondale Lomas<\/strong> | Victoria 2-0<\/p>\n<\/li>\n<\/ul>\n<p data-start=\"661\" data-end=\"836\">Con dos triunfos y una derrota, lograron asegurar la clasificaci\u00f3n a la etapa regional del campeonato, quedando dentro de los 8 mejores equipos escolares de la regi\u00f3n.<\/p>\n<p data-start=\"838\" data-end=\"978\">Felicitamos a nuestro equipo por su compromiso, dedicaci\u00f3n y excelente representaci\u00f3n del esp\u00edritu deportivo ignaciano. \u00a1Seguimos avanzando!<\/p>\n","protected":false},"excerpt":{"rendered":"<p>El martes 5 de agosto, el equipo de v\u00f3leibol categor\u00eda Juvenil (sub 17) de nuestro colegio particip\u00f3 en la definici\u00f3n de la etapa provincial de los Juegos Deportivos Escolares 2025, enfrent\u00e1ndose a establecimientos de la zona en una intensa jornada deportiva. Nuestros estudiantes disputaron tres partidos: San Ignacio vs. Colegio Adventista | Victoria 2-0 San&hellip;<\/p>\n","protected":false},"author":1,"featured_media":10325,"comment_status":"closed","ping_status":"closed","sticky":false,"template":"","format":"standard","meta":[],"categories":[4],"tags":[],"_links":{"self":[{"href":"http:\/\/sanignacioconcepcion.cl\/sitio\/wp-json\/wp\/v2\/posts\/10324"}],"collection":[{"href":"http:\/\/sanignacioconcepcion.cl\/sitio\/wp-json\/wp\/v2\/posts"}],"about":[{"href":"http:\/\/sanignacioconcepcion.cl\/sitio\/wp-json\/wp\/v2\/types\/post"}],"author":[{"embeddable":true,"href":"http:\/\/sanignacioconcepcion.cl\/sitio\/wp-json\/wp\/v2\/users\/1"}],"replies":[{"embeddable":true,"href":"http:\/\/sanignacioconcepcion.cl\/sitio\/wp-json\/wp\/v2\/comments?post=10324"}],"version-history":[{"count":1,"href":"http:\/\/sanignacioconcepcion.cl\/sitio\/wp-json\/wp\/v2\/posts\/10324\/revisions"}],"predecessor-version":[{"id":10326,"href":"http:\/\/sanignacioconcepcion.cl\/sitio\/wp-json\/wp\/v2\/posts\/10324\/revisions\/10326"}],"wp:featuredmedia":[{"embeddable":true,"href":"http:\/\/sanignacioconcepcion.cl\/sitio\/wp-json\/wp\/v2\/media\/10325"}],"wp:attachment":[{"href":"http:\/\/sanignacioconcepcion.cl\/sitio\/wp-json\/wp\/v2\/media?parent=10324"}],"wp:term":[{"taxonomy":"category","embeddable":true,"href":"http:\/\/sanignacioconcepcion.cl\/sitio\/wp-json\/wp\/v2\/categories?post=10324"},{"taxonomy":"post_tag","embeddable":true,"href":"http:\/\/sanignacioconcepcion.cl\/sitio\/wp-json\/wp\/v2\/tags?post=10324"}],"curies":[{"name":"wp","href":"https:\/\/api.w.org\/{rel}","templated":true}]}}