{"id":10327,"date":"2025-08-06T11:50:51","date_gmt":"2025-08-06T15:50:51","guid":{"rendered":"https:\/\/sanignacioconcepcion.cl\/sitio\/?p=10327"},"modified":"2025-08-06T11:50:51","modified_gmt":"2025-08-06T15:50:51","slug":"conociendo-a-san-ignacio-sembrando-huellas-de-fe","status":"publish","type":"post","link":"http:\/\/sanignacioconcepcion.cl\/sitio\/conociendo-a-san-ignacio-sembrando-huellas-de-fe\/","title":{"rendered":"Conociendo a San Ignacio: Sembrando Huellas de Fe"},"content":{"rendered":"<p data-start=\"224\" data-end=\"453\">Durante esta semana se est\u00e1 desarrollando el proyecto de articulaci\u00f3n del \u00e1rea de Religi\u00f3n, liderado por la profesora Karin F\u00fchrer Meneses, que une a estudiantes de II\u00b0 y IV\u00b0 Medio con cursos de preescolar y ense\u00f1anza b\u00e1sica.<\/p>\n<p data-start=\"455\" data-end=\"727\">A trav\u00e9s de un cuentacuentos en formato Kamishibai y dramatizaciones, los y las estudiantes presentan la vida de San Ignacio de Loyola, fomentando la identidad ignaciana, el liderazgo positivo y el encuentro fraterno entre los distintos ciclos del colegio.<\/p>\n<p data-start=\"729\" data-end=\"845\">Una valiosa experiencia para compartir la fe, fortalecer v\u00ednculos y sembrar huellas ignacianas en nuestra comunidad.<\/p>\n","protected":false},"excerpt":{"rendered":"<p>Durante esta semana se est\u00e1 desarrollando el proyecto de articulaci\u00f3n del \u00e1rea de Religi\u00f3n, liderado por la profesora Karin F\u00fchrer Meneses, que une a estudiantes de II\u00b0 y IV\u00b0 Medio con cursos de preescolar y ense\u00f1anza b\u00e1sica. A trav\u00e9s de un cuentacuentos en formato Kamishibai y dramatizaciones, los y las estudiantes presentan la vida de&hellip;<\/p>\n","protected":false},"author":1,"featured_media":10328,"comment_status":"closed","ping_status":"closed","sticky":false,"template":"","format":"standard","meta":[],"categories":[4],"tags":[],"_links":{"self":[{"href":"http:\/\/sanignacioconcepcion.cl\/sitio\/wp-json\/wp\/v2\/posts\/10327"}],"collection":[{"href":"http:\/\/sanignacioconcepcion.cl\/sitio\/wp-json\/wp\/v2\/posts"}],"about":[{"href":"http:\/\/sanignacioconcepcion.cl\/sitio\/wp-json\/wp\/v2\/types\/post"}],"author":[{"embeddable":true,"href":"http:\/\/sanignacioconcepcion.cl\/sitio\/wp-json\/wp\/v2\/users\/1"}],"replies":[{"embeddable":true,"href":"http:\/\/sanignacioconcepcion.cl\/sitio\/wp-json\/wp\/v2\/comments?post=10327"}],"version-history":[{"count":1,"href":"http:\/\/sanignacioconcepcion.cl\/sitio\/wp-json\/wp\/v2\/posts\/10327\/revisions"}],"predecessor-version":[{"id":10329,"href":"http:\/\/sanignacioconcepcion.cl\/sitio\/wp-json\/wp\/v2\/posts\/10327\/revisions\/10329"}],"wp:featuredmedia":[{"embeddable":true,"href":"http:\/\/sanignacioconcepcion.cl\/sitio\/wp-json\/wp\/v2\/media\/10328"}],"wp:attachment":[{"href":"http:\/\/sanignacioconcepcion.cl\/sitio\/wp-json\/wp\/v2\/media?parent=10327"}],"wp:term":[{"taxonomy":"category","embeddable":true,"href":"http:\/\/sanignacioconcepcion.cl\/sitio\/wp-json\/wp\/v2\/categories?post=10327"},{"taxonomy":"post_tag","embeddable":true,"href":"http:\/\/sanignacioconcepcion.cl\/sitio\/wp-json\/wp\/v2\/tags?post=10327"}],"curies":[{"name":"wp","href":"https:\/\/api.w.org\/{rel}","templated":true}]}}