{"id":10343,"date":"2025-08-14T17:00:05","date_gmt":"2025-08-14T20:00:05","guid":{"rendered":"https:\/\/sanignacioconcepcion.cl\/sitio\/?p=10343"},"modified":"2025-08-14T17:00:05","modified_gmt":"2025-08-14T20:00:05","slug":"segundos-basicos-tuvieron-salida-pedagogica-al-supermercado","status":"publish","type":"post","link":"http:\/\/sanignacioconcepcion.cl\/sitio\/segundos-basicos-tuvieron-salida-pedagogica-al-supermercado\/","title":{"rendered":"Segundos b\u00e1sicos tuvieron salida pedag\u00f3gica al supermercado"},"content":{"rendered":"<p data-start=\"137\" data-end=\"337\">Esta semana, los segundos b\u00e1sicos, en el marco del eje Sistema Monetario de la asignatura de Matem\u00e1tica, realizaron una salida pedag\u00f3gica al supermercado L\u00edder, ubicado frente a nuestro colegio.<\/p>\n<p data-start=\"339\" data-end=\"559\">La actividad tuvo como objetivo aplicar en un contexto real lo aprendido en clases sobre el valor del dinero, estimaciones y resoluci\u00f3n de problemas de compra y venta, fortaleciendo habilidades matem\u00e1ticas y autonom\u00eda.<\/p>\n<p data-start=\"561\" data-end=\"721\">Cada curso fue acompa\u00f1ado por su profesora jefe, t\u00e9cnico de aula, profesora diferencial y apoderados colaboradores, quienes apoyaron y guiaron la experiencia.<\/p>\n<p data-start=\"561\" data-end=\"721\">\n","protected":false},"excerpt":{"rendered":"<p>Esta semana, los segundos b\u00e1sicos, en el marco del eje Sistema Monetario de la asignatura de Matem\u00e1tica, realizaron una salida pedag\u00f3gica al supermercado L\u00edder, ubicado frente a nuestro colegio. La actividad tuvo como objetivo aplicar en un contexto real lo aprendido en clases sobre el valor del dinero, estimaciones y resoluci\u00f3n de problemas de compra&hellip;<\/p>\n","protected":false},"author":1,"featured_media":10344,"comment_status":"closed","ping_status":"closed","sticky":false,"template":"","format":"standard","meta":[],"categories":[4],"tags":[],"_links":{"self":[{"href":"http:\/\/sanignacioconcepcion.cl\/sitio\/wp-json\/wp\/v2\/posts\/10343"}],"collection":[{"href":"http:\/\/sanignacioconcepcion.cl\/sitio\/wp-json\/wp\/v2\/posts"}],"about":[{"href":"http:\/\/sanignacioconcepcion.cl\/sitio\/wp-json\/wp\/v2\/types\/post"}],"author":[{"embeddable":true,"href":"http:\/\/sanignacioconcepcion.cl\/sitio\/wp-json\/wp\/v2\/users\/1"}],"replies":[{"embeddable":true,"href":"http:\/\/sanignacioconcepcion.cl\/sitio\/wp-json\/wp\/v2\/comments?post=10343"}],"version-history":[{"count":1,"href":"http:\/\/sanignacioconcepcion.cl\/sitio\/wp-json\/wp\/v2\/posts\/10343\/revisions"}],"predecessor-version":[{"id":10345,"href":"http:\/\/sanignacioconcepcion.cl\/sitio\/wp-json\/wp\/v2\/posts\/10343\/revisions\/10345"}],"wp:featuredmedia":[{"embeddable":true,"href":"http:\/\/sanignacioconcepcion.cl\/sitio\/wp-json\/wp\/v2\/media\/10344"}],"wp:attachment":[{"href":"http:\/\/sanignacioconcepcion.cl\/sitio\/wp-json\/wp\/v2\/media?parent=10343"}],"wp:term":[{"taxonomy":"category","embeddable":true,"href":"http:\/\/sanignacioconcepcion.cl\/sitio\/wp-json\/wp\/v2\/categories?post=10343"},{"taxonomy":"post_tag","embeddable":true,"href":"http:\/\/sanignacioconcepcion.cl\/sitio\/wp-json\/wp\/v2\/tags?post=10343"}],"curies":[{"name":"wp","href":"https:\/\/api.w.org\/{rel}","templated":true}]}}