{"id":10349,"date":"2025-08-14T16:59:32","date_gmt":"2025-08-14T19:59:32","guid":{"rendered":"https:\/\/sanignacioconcepcion.cl\/sitio\/?p=10349"},"modified":"2025-08-14T16:59:32","modified_gmt":"2025-08-14T19:59:32","slug":"estudiantes-participan-en-el-concurso-de-deletreo-2025","status":"publish","type":"post","link":"http:\/\/sanignacioconcepcion.cl\/sitio\/estudiantes-participan-en-el-concurso-de-deletreo-2025\/","title":{"rendered":"Estudiantes participan en el Concurso de Deletreo 2025"},"content":{"rendered":"<p data-start=\"108\" data-end=\"295\">En la biblioteca de nuestro colegio se desarroll\u00f3 el Concurso de Deletreo 2025, instancia que puso a prueba la concentraci\u00f3n, el vocabulario y la ortograf\u00eda de nuestros estudiantes.<\/p>\n<p data-start=\"297\" data-end=\"572\">Con gran entusiasmo, los participantes avanzaron ronda a ronda, demostrando su preparaci\u00f3n y seguridad al enfrentar cada palabra. La actividad no solo foment\u00f3 el buen uso del lenguaje, sino que tambi\u00e9n fortaleci\u00f3 la confianza y el trabajo constante de nuestros estudiantes.<\/p>\n","protected":false},"excerpt":{"rendered":"<p>En la biblioteca de nuestro colegio se desarroll\u00f3 el Concurso de Deletreo 2025, instancia que puso a prueba la concentraci\u00f3n, el vocabulario y la ortograf\u00eda de nuestros estudiantes. Con gran entusiasmo, los participantes avanzaron ronda a ronda, demostrando su preparaci\u00f3n y seguridad al enfrentar cada palabra. La actividad no solo foment\u00f3 el buen uso del&hellip;<\/p>\n","protected":false},"author":1,"featured_media":10350,"comment_status":"closed","ping_status":"closed","sticky":false,"template":"","format":"standard","meta":[],"categories":[4],"tags":[],"_links":{"self":[{"href":"http:\/\/sanignacioconcepcion.cl\/sitio\/wp-json\/wp\/v2\/posts\/10349"}],"collection":[{"href":"http:\/\/sanignacioconcepcion.cl\/sitio\/wp-json\/wp\/v2\/posts"}],"about":[{"href":"http:\/\/sanignacioconcepcion.cl\/sitio\/wp-json\/wp\/v2\/types\/post"}],"author":[{"embeddable":true,"href":"http:\/\/sanignacioconcepcion.cl\/sitio\/wp-json\/wp\/v2\/users\/1"}],"replies":[{"embeddable":true,"href":"http:\/\/sanignacioconcepcion.cl\/sitio\/wp-json\/wp\/v2\/comments?post=10349"}],"version-history":[{"count":1,"href":"http:\/\/sanignacioconcepcion.cl\/sitio\/wp-json\/wp\/v2\/posts\/10349\/revisions"}],"predecessor-version":[{"id":10351,"href":"http:\/\/sanignacioconcepcion.cl\/sitio\/wp-json\/wp\/v2\/posts\/10349\/revisions\/10351"}],"wp:featuredmedia":[{"embeddable":true,"href":"http:\/\/sanignacioconcepcion.cl\/sitio\/wp-json\/wp\/v2\/media\/10350"}],"wp:attachment":[{"href":"http:\/\/sanignacioconcepcion.cl\/sitio\/wp-json\/wp\/v2\/media?parent=10349"}],"wp:term":[{"taxonomy":"category","embeddable":true,"href":"http:\/\/sanignacioconcepcion.cl\/sitio\/wp-json\/wp\/v2\/categories?post=10349"},{"taxonomy":"post_tag","embeddable":true,"href":"http:\/\/sanignacioconcepcion.cl\/sitio\/wp-json\/wp\/v2\/tags?post=10349"}],"curies":[{"name":"wp","href":"https:\/\/api.w.org\/{rel}","templated":true}]}}