{"id":10353,"date":"2025-08-14T17:07:00","date_gmt":"2025-08-14T20:07:00","guid":{"rendered":"https:\/\/sanignacioconcepcion.cl\/sitio\/?p=10353"},"modified":"2025-08-14T17:07:00","modified_gmt":"2025-08-14T20:07:00","slug":"comenzaron-las-olimpiadas-de-actualidad-2025","status":"publish","type":"post","link":"http:\/\/sanignacioconcepcion.cl\/sitio\/comenzaron-las-olimpiadas-de-actualidad-2025\/","title":{"rendered":"Comenzaron las Olimpiadas de Actualidad 2025"},"content":{"rendered":"<p data-start=\"103\" data-end=\"289\">Ayer, mi\u00e9rcoles 13 de agosto, dimos inicio a la primera etapa online de las Olimpiadas de Actualidad 2025, competencia interescolar organizada por la Asociaci\u00f3n Nacional de Prensa.<\/p>\n<p data-start=\"291\" data-end=\"557\">Esta instancia busca fomentar en los estudiantes el inter\u00e9s por la actualidad, as\u00ed como potenciar la comprensi\u00f3n lectora y las habilidades de debate, promoviendo una participaci\u00f3n activa y reflexiva frente a los temas que marcan la agenda nacional e internacional.<\/p>\n","protected":false},"excerpt":{"rendered":"<p>Ayer, mi\u00e9rcoles 13 de agosto, dimos inicio a la primera etapa online de las Olimpiadas de Actualidad 2025, competencia interescolar organizada por la Asociaci\u00f3n Nacional de Prensa. Esta instancia busca fomentar en los estudiantes el inter\u00e9s por la actualidad, as\u00ed como potenciar la comprensi\u00f3n lectora y las habilidades de debate, promoviendo una participaci\u00f3n activa y&hellip;<\/p>\n","protected":false},"author":1,"featured_media":10354,"comment_status":"closed","ping_status":"closed","sticky":false,"template":"","format":"standard","meta":[],"categories":[4],"tags":[],"_links":{"self":[{"href":"http:\/\/sanignacioconcepcion.cl\/sitio\/wp-json\/wp\/v2\/posts\/10353"}],"collection":[{"href":"http:\/\/sanignacioconcepcion.cl\/sitio\/wp-json\/wp\/v2\/posts"}],"about":[{"href":"http:\/\/sanignacioconcepcion.cl\/sitio\/wp-json\/wp\/v2\/types\/post"}],"author":[{"embeddable":true,"href":"http:\/\/sanignacioconcepcion.cl\/sitio\/wp-json\/wp\/v2\/users\/1"}],"replies":[{"embeddable":true,"href":"http:\/\/sanignacioconcepcion.cl\/sitio\/wp-json\/wp\/v2\/comments?post=10353"}],"version-history":[{"count":1,"href":"http:\/\/sanignacioconcepcion.cl\/sitio\/wp-json\/wp\/v2\/posts\/10353\/revisions"}],"predecessor-version":[{"id":10355,"href":"http:\/\/sanignacioconcepcion.cl\/sitio\/wp-json\/wp\/v2\/posts\/10353\/revisions\/10355"}],"wp:featuredmedia":[{"embeddable":true,"href":"http:\/\/sanignacioconcepcion.cl\/sitio\/wp-json\/wp\/v2\/media\/10354"}],"wp:attachment":[{"href":"http:\/\/sanignacioconcepcion.cl\/sitio\/wp-json\/wp\/v2\/media?parent=10353"}],"wp:term":[{"taxonomy":"category","embeddable":true,"href":"http:\/\/sanignacioconcepcion.cl\/sitio\/wp-json\/wp\/v2\/categories?post=10353"},{"taxonomy":"post_tag","embeddable":true,"href":"http:\/\/sanignacioconcepcion.cl\/sitio\/wp-json\/wp\/v2\/tags?post=10353"}],"curies":[{"name":"wp","href":"https:\/\/api.w.org\/{rel}","templated":true}]}}