{"id":10360,"date":"2025-08-18T14:01:21","date_gmt":"2025-08-18T17:01:21","guid":{"rendered":"https:\/\/sanignacioconcepcion.cl\/sitio\/?p=10360"},"modified":"2025-08-18T14:01:21","modified_gmt":"2025-08-18T17:01:21","slug":"misa-por-el-mes-de-la-solidaridad-en-la-catedral-de-concepcion","status":"publish","type":"post","link":"http:\/\/sanignacioconcepcion.cl\/sitio\/misa-por-el-mes-de-la-solidaridad-en-la-catedral-de-concepcion\/","title":{"rendered":"Misa por el Mes de la Solidaridad en la Catedral de Concepci\u00f3n"},"content":{"rendered":"<p data-start=\"160\" data-end=\"613\">Este lunes 18 de agosto, representantes de nuestro colegio, acompa\u00f1ados por el capell\u00e1n Padre Juan Pablo Moyano SJ, participaron en la Misa por el Mes de la Solidaridad celebrada en la Catedral de Concepci\u00f3n, junto a otros colegios de Iglesia. La eucarist\u00eda fue presidida por Monse\u00f1or Sergio P\u00e9rez de Arce, en un encuentro que convoc\u00f3 a la comunidad educativa diocesana en torno al testimonio de servicio y entrega de San Alberto Hurtado.<\/p>\n<p data-start=\"615\" data-end=\"1002\">Al inicio de la celebraci\u00f3n se reflexion\u00f3 sobre conceptos clave como la solidaridad, la justicia y la educaci\u00f3n, valores fundamentales en la formaci\u00f3n de los estudiantes y en la misi\u00f3n de la Iglesia.<\/p>\n<p data-start=\"1266\" data-end=\"1501\">Con alegr\u00eda y gratitud, nuestra comunidad se sum\u00f3 a esta celebraci\u00f3n, renovando el compromiso de continuar sembrando gestos concretos de solidaridad, inspirados en el ejemplo del Padre Hurtado y en el carisma ignaciano que nos anima.<\/p>\n","protected":false},"excerpt":{"rendered":"<p>Este lunes 18 de agosto, representantes de nuestro colegio, acompa\u00f1ados por el capell\u00e1n Padre Juan Pablo Moyano SJ, participaron en la Misa por el Mes de la Solidaridad celebrada en la Catedral de Concepci\u00f3n, junto a otros colegios de Iglesia. La eucarist\u00eda fue presidida por Monse\u00f1or Sergio P\u00e9rez de Arce, en un encuentro que convoc\u00f3&hellip;<\/p>\n","protected":false},"author":1,"featured_media":10361,"comment_status":"closed","ping_status":"closed","sticky":false,"template":"","format":"standard","meta":[],"categories":[4],"tags":[],"_links":{"self":[{"href":"http:\/\/sanignacioconcepcion.cl\/sitio\/wp-json\/wp\/v2\/posts\/10360"}],"collection":[{"href":"http:\/\/sanignacioconcepcion.cl\/sitio\/wp-json\/wp\/v2\/posts"}],"about":[{"href":"http:\/\/sanignacioconcepcion.cl\/sitio\/wp-json\/wp\/v2\/types\/post"}],"author":[{"embeddable":true,"href":"http:\/\/sanignacioconcepcion.cl\/sitio\/wp-json\/wp\/v2\/users\/1"}],"replies":[{"embeddable":true,"href":"http:\/\/sanignacioconcepcion.cl\/sitio\/wp-json\/wp\/v2\/comments?post=10360"}],"version-history":[{"count":1,"href":"http:\/\/sanignacioconcepcion.cl\/sitio\/wp-json\/wp\/v2\/posts\/10360\/revisions"}],"predecessor-version":[{"id":10362,"href":"http:\/\/sanignacioconcepcion.cl\/sitio\/wp-json\/wp\/v2\/posts\/10360\/revisions\/10362"}],"wp:featuredmedia":[{"embeddable":true,"href":"http:\/\/sanignacioconcepcion.cl\/sitio\/wp-json\/wp\/v2\/media\/10361"}],"wp:attachment":[{"href":"http:\/\/sanignacioconcepcion.cl\/sitio\/wp-json\/wp\/v2\/media?parent=10360"}],"wp:term":[{"taxonomy":"category","embeddable":true,"href":"http:\/\/sanignacioconcepcion.cl\/sitio\/wp-json\/wp\/v2\/categories?post=10360"},{"taxonomy":"post_tag","embeddable":true,"href":"http:\/\/sanignacioconcepcion.cl\/sitio\/wp-json\/wp\/v2\/tags?post=10360"}],"curies":[{"name":"wp","href":"https:\/\/api.w.org\/{rel}","templated":true}]}}