{"id":10364,"date":"2025-08-18T16:47:46","date_gmt":"2025-08-18T19:47:46","guid":{"rendered":"https:\/\/sanignacioconcepcion.cl\/sitio\/?p=10364"},"modified":"2025-08-18T16:47:46","modified_gmt":"2025-08-18T19:47:46","slug":"segundo-signo-de-vinculacion-pre-kinder-y-iv-medio-se-unen-en-el-dia-de-la-solidaridad","status":"publish","type":"post","link":"http:\/\/sanignacioconcepcion.cl\/sitio\/segundo-signo-de-vinculacion-pre-kinder-y-iv-medio-se-unen-en-el-dia-de-la-solidaridad\/","title":{"rendered":"Segundo signo de vinculaci\u00f3n: Pre k\u00ednder y IV Medio se unen en el D\u00eda de la Solidaridad"},"content":{"rendered":"<p data-start=\"238\" data-end=\"571\">Este jueves 22 de agosto, en el marco del D\u00eda de la Solidaridad, nuestra comunidad vivi\u00f3 un emocionante momento de encuentro entre los estudiantes de Pre k\u00ednder y IV Medio, quienes participaron en el segundo signo de vinculaci\u00f3n que busca fortalecer la uni\u00f3n entre los m\u00e1s peque\u00f1os y los m\u00e1s grandes de nuestro colegio.<\/p>\n<p data-start=\"573\" data-end=\"859\">En esta ocasi\u00f3n, los alumnos de IV Medio escribieron mensajes cargados de cari\u00f1o y buenos deseos en pulseras que fueron entregadas a los ni\u00f1os y ni\u00f1as de Pre k\u00ednder. A su vez, los m\u00e1s peque\u00f1os pintaron pulseras llenas de color y creatividad para obsequiarlas a sus compa\u00f1eros mayores.<\/p>\n<p data-start=\"861\" data-end=\"1179\">Este gesto simb\u00f3lico, sencillo pero profundamente significativo, se convierte en un recuerdo del v\u00ednculo, la uni\u00f3n y el esp\u00edritu de comunidad ignaciana que nos anima como colegio. Nos recuerda que la solidaridad se aprende y se vive en cada etapa, y que el encuentro entre generaciones enriquece la vida escolar. <a href=\"https:\/\/photos.app.goo.gl\/8zhXVLeaQeWqHGAQ7\"><strong>ver fotos<\/strong><\/a><\/p>\n","protected":false},"excerpt":{"rendered":"<p>Este jueves 22 de agosto, en el marco del D\u00eda de la Solidaridad, nuestra comunidad vivi\u00f3 un emocionante momento de encuentro entre los estudiantes de Pre k\u00ednder y IV Medio, quienes participaron en el segundo signo de vinculaci\u00f3n que busca fortalecer la uni\u00f3n entre los m\u00e1s peque\u00f1os y los m\u00e1s grandes de nuestro colegio. En&hellip;<\/p>\n","protected":false},"author":1,"featured_media":10365,"comment_status":"closed","ping_status":"closed","sticky":false,"template":"","format":"standard","meta":[],"categories":[4],"tags":[],"_links":{"self":[{"href":"http:\/\/sanignacioconcepcion.cl\/sitio\/wp-json\/wp\/v2\/posts\/10364"}],"collection":[{"href":"http:\/\/sanignacioconcepcion.cl\/sitio\/wp-json\/wp\/v2\/posts"}],"about":[{"href":"http:\/\/sanignacioconcepcion.cl\/sitio\/wp-json\/wp\/v2\/types\/post"}],"author":[{"embeddable":true,"href":"http:\/\/sanignacioconcepcion.cl\/sitio\/wp-json\/wp\/v2\/users\/1"}],"replies":[{"embeddable":true,"href":"http:\/\/sanignacioconcepcion.cl\/sitio\/wp-json\/wp\/v2\/comments?post=10364"}],"version-history":[{"count":1,"href":"http:\/\/sanignacioconcepcion.cl\/sitio\/wp-json\/wp\/v2\/posts\/10364\/revisions"}],"predecessor-version":[{"id":10366,"href":"http:\/\/sanignacioconcepcion.cl\/sitio\/wp-json\/wp\/v2\/posts\/10364\/revisions\/10366"}],"wp:featuredmedia":[{"embeddable":true,"href":"http:\/\/sanignacioconcepcion.cl\/sitio\/wp-json\/wp\/v2\/media\/10365"}],"wp:attachment":[{"href":"http:\/\/sanignacioconcepcion.cl\/sitio\/wp-json\/wp\/v2\/media?parent=10364"}],"wp:term":[{"taxonomy":"category","embeddable":true,"href":"http:\/\/sanignacioconcepcion.cl\/sitio\/wp-json\/wp\/v2\/categories?post=10364"},{"taxonomy":"post_tag","embeddable":true,"href":"http:\/\/sanignacioconcepcion.cl\/sitio\/wp-json\/wp\/v2\/tags?post=10364"}],"curies":[{"name":"wp","href":"https:\/\/api.w.org\/{rel}","templated":true}]}}