{"id":10367,"date":"2025-08-18T17:43:39","date_gmt":"2025-08-18T20:43:39","guid":{"rendered":"https:\/\/sanignacioconcepcion.cl\/sitio\/?p=10367"},"modified":"2025-08-18T17:43:39","modified_gmt":"2025-08-18T20:43:39","slug":"encuesta-de-vulnerabilidad-2025","status":"publish","type":"post","link":"http:\/\/sanignacioconcepcion.cl\/sitio\/encuesta-de-vulnerabilidad-2025\/","title":{"rendered":"Encuesta de vulnerabilidad 2025"},"content":{"rendered":"<p data-start=\"108\" data-end=\"129\">Estimadas familias:<\/p>\n<p data-start=\"131\" data-end=\"531\">Necesitamos de su valiosa colaboraci\u00f3n para responder voluntariamente la <strong data-start=\"204\" data-end=\"244\">Encuesta de Vulnerabilidad de JUNAEB<\/strong>, que tiene como objetivo medir la condici\u00f3n de vulnerabilidad de ni\u00f1os, ni\u00f1as y j\u00f3venes en la educaci\u00f3n. Los datos recolectados permiten el desarrollo de pol\u00edticas p\u00fablicas que promueven el bienestar y apoyan la investigaci\u00f3n sobre el desarrollo humano en las primeras etapas de vida.<\/p>\n<p data-start=\"533\" data-end=\"644\">La encuesta est\u00e1 dirigida \u00fanicamente a los niveles de <strong data-start=\"587\" data-end=\"641\">Prek\u00ednder, K\u00ednder, 1\u00b0 B\u00e1sico, 5\u00b0 B\u00e1sico y 1\u00b0 Medio<\/strong>.<\/p>\n<p data-start=\"646\" data-end=\"1317\">Es importante considerar que la encuesta incluye algunas preguntas de car\u00e1cter sensible, necesarias para caracterizar debidamente a la poblaci\u00f3n estudiantil. Para fortalecer los an\u00e1lisis, tambi\u00e9n podr\u00e1 realizarse un cruce con otros registros administrativos. Sin embargo, la identidad de los estudiantes es completamente <strong data-start=\"967\" data-end=\"983\">confidencial<\/strong>, y la informaci\u00f3n nunca ser\u00e1 utilizada a nivel individual. Tanto instituciones p\u00fablicas como otras dedicadas al estudio de la ni\u00f1ez podr\u00e1n acceder a los datos recogidos, siempre bajo el marco de las leyes <strong data-start=\"1189\" data-end=\"1199\">19.628<\/strong> sobre Protecci\u00f3n de la Vida Privada y <strong data-start=\"1238\" data-end=\"1248\">21.430<\/strong> sobre Garant\u00edas y Protecci\u00f3n Integral de los Derechos de la Ni\u00f1ez.<\/p>\n<p data-start=\"1319\" data-end=\"1575\">Al decidir libremente responder la encuesta, usted est\u00e1 entregando su consentimiento para participar de esta importante medici\u00f3n, teniendo siempre la posibilidad de dejar de responder si as\u00ed lo desea. Desde ya, agradecemos profundamente su participaci\u00f3n.<\/p>\n<p data-start=\"1577\" data-end=\"1748\">Puede ingresar desde celular, computador u otro dispositivo con su <strong data-start=\"1644\" data-end=\"1659\">Clave \u00danica<\/strong>, registrarse y crear una contrase\u00f1a, siguiendo las instrucciones del tutorial adjunto.<\/p>\n<p data-start=\"1750\" data-end=\"1907\">\ud83d\udd17 Link de acceso a la encuesta:<br data-start=\"1782\" data-end=\"1785\" \/><a class=\"\" href=\"https:\/\/sistemaencuestas.sead.junaeb.cl\/ingreso-apoderados\" target=\"_new\" rel=\"noopener\" data-start=\"1785\" data-end=\"1905\">https:\/\/sistemaencuestas.sead.junaeb.cl\/ingreso-apoderados<\/a><\/p>\n<p data-start=\"1909\" data-end=\"1963\">\n","protected":false},"excerpt":{"rendered":"<p>Estimadas familias: Necesitamos de su valiosa colaboraci\u00f3n para responder voluntariamente la Encuesta de Vulnerabilidad de JUNAEB, que tiene como objetivo medir la condici\u00f3n de vulnerabilidad de ni\u00f1os, ni\u00f1as y j\u00f3venes en la educaci\u00f3n. Los datos recolectados permiten el desarrollo de pol\u00edticas p\u00fablicas que promueven el bienestar y apoyan la investigaci\u00f3n sobre el desarrollo humano en&hellip;<\/p>\n","protected":false},"author":1,"featured_media":0,"comment_status":"closed","ping_status":"closed","sticky":false,"template":"","format":"standard","meta":[],"categories":[3],"tags":[],"_links":{"self":[{"href":"http:\/\/sanignacioconcepcion.cl\/sitio\/wp-json\/wp\/v2\/posts\/10367"}],"collection":[{"href":"http:\/\/sanignacioconcepcion.cl\/sitio\/wp-json\/wp\/v2\/posts"}],"about":[{"href":"http:\/\/sanignacioconcepcion.cl\/sitio\/wp-json\/wp\/v2\/types\/post"}],"author":[{"embeddable":true,"href":"http:\/\/sanignacioconcepcion.cl\/sitio\/wp-json\/wp\/v2\/users\/1"}],"replies":[{"embeddable":true,"href":"http:\/\/sanignacioconcepcion.cl\/sitio\/wp-json\/wp\/v2\/comments?post=10367"}],"version-history":[{"count":1,"href":"http:\/\/sanignacioconcepcion.cl\/sitio\/wp-json\/wp\/v2\/posts\/10367\/revisions"}],"predecessor-version":[{"id":10368,"href":"http:\/\/sanignacioconcepcion.cl\/sitio\/wp-json\/wp\/v2\/posts\/10367\/revisions\/10368"}],"wp:attachment":[{"href":"http:\/\/sanignacioconcepcion.cl\/sitio\/wp-json\/wp\/v2\/media?parent=10367"}],"wp:term":[{"taxonomy":"category","embeddable":true,"href":"http:\/\/sanignacioconcepcion.cl\/sitio\/wp-json\/wp\/v2\/categories?post=10367"},{"taxonomy":"post_tag","embeddable":true,"href":"http:\/\/sanignacioconcepcion.cl\/sitio\/wp-json\/wp\/v2\/tags?post=10367"}],"curies":[{"name":"wp","href":"https:\/\/api.w.org\/{rel}","templated":true}]}}