{"id":10370,"date":"2025-08-19T16:30:31","date_gmt":"2025-08-19T19:30:31","guid":{"rendered":"https:\/\/sanignacioconcepcion.cl\/sitio\/?p=10370"},"modified":"2025-08-19T16:30:31","modified_gmt":"2025-08-19T19:30:31","slug":"tercera-reunion-de-apoderados-2025","status":"publish","type":"post","link":"http:\/\/sanignacioconcepcion.cl\/sitio\/tercera-reunion-de-apoderados-2025\/","title":{"rendered":"Tercera Reuni\u00f3n de Apoderados 2025"},"content":{"rendered":"<p data-start=\"161\" data-end=\"182\">Estimadas familias,<\/p>\n<p data-start=\"184\" data-end=\"383\">Les informamos que la pr\u00f3xima semana se llevar\u00e1 a cabo la <strong data-start=\"242\" data-end=\"275\">Tercera Reuni\u00f3n de Apoderados<\/strong> de este a\u00f1o escolar, instancia fundamental de encuentro y acompa\u00f1amiento entre el colegio y las familias.<\/p>\n<p data-start=\"385\" data-end=\"454\">Las reuniones se desarrollar\u00e1n en las siguientes fechas y horarios:<\/p>\n<ul data-start=\"456\" data-end=\"839\">\n<li data-start=\"456\" data-end=\"643\">\n<p data-start=\"458\" data-end=\"483\"><strong data-start=\"458\" data-end=\"481\">Martes 26 de agosto<\/strong><\/p>\n<ul data-start=\"486\" data-end=\"643\">\n<li data-start=\"486\" data-end=\"534\">\n<p data-start=\"488\" data-end=\"534\"><strong data-start=\"488\" data-end=\"512\">Ciclos Loyola y Roma<\/strong>: 16:30 a 18:00 hrs.<\/p>\n<\/li>\n<\/ul>\n<\/li>\n<\/ul>\n<p data-start=\"488\" data-end=\"534\"><strong>Excepci\u00f3n:<\/strong> la reuni\u00f3n del 2\u00b0 Medio B se realizar\u00e1 el martes 2 de septiembre a las 19:00 hrs.<\/p>\n<ul data-start=\"456\" data-end=\"839\">\n<li data-start=\"645\" data-end=\"839\">\n<p data-start=\"647\" data-end=\"675\"><strong data-start=\"647\" data-end=\"673\">Mi\u00e9rcoles 27 de agosto<\/strong><\/p>\n<ul data-start=\"678\" data-end=\"839\">\n<li data-start=\"678\" data-end=\"719\">\n<p data-start=\"680\" data-end=\"719\"><strong data-start=\"680\" data-end=\"697\">Ciclo Manresa<\/strong>: 16:45 a 18:00 hrs.<\/p>\n<\/li>\n<\/ul>\n<\/li>\n<\/ul>\n<p data-start=\"724\" data-end=\"839\"><strong>Excepci\u00f3n:<\/strong> la reuni\u00f3n del 6\u00b0 B\u00e1sico C se llevar\u00e1 a cabo el lunes 1 de septiembre, de 16:45 a 18:00 hrs.<\/p>\n","protected":false},"excerpt":{"rendered":"<p>Estimadas familias, Les informamos que la pr\u00f3xima semana se llevar\u00e1 a cabo la Tercera Reuni\u00f3n de Apoderados de este a\u00f1o escolar, instancia fundamental de encuentro y acompa\u00f1amiento entre el colegio y las familias. Las reuniones se desarrollar\u00e1n en las siguientes fechas y horarios: Martes 26 de agosto Ciclos Loyola y Roma: 16:30 a 18:00 hrs.&hellip;<\/p>\n","protected":false},"author":1,"featured_media":0,"comment_status":"closed","ping_status":"closed","sticky":false,"template":"","format":"standard","meta":[],"categories":[3],"tags":[],"_links":{"self":[{"href":"http:\/\/sanignacioconcepcion.cl\/sitio\/wp-json\/wp\/v2\/posts\/10370"}],"collection":[{"href":"http:\/\/sanignacioconcepcion.cl\/sitio\/wp-json\/wp\/v2\/posts"}],"about":[{"href":"http:\/\/sanignacioconcepcion.cl\/sitio\/wp-json\/wp\/v2\/types\/post"}],"author":[{"embeddable":true,"href":"http:\/\/sanignacioconcepcion.cl\/sitio\/wp-json\/wp\/v2\/users\/1"}],"replies":[{"embeddable":true,"href":"http:\/\/sanignacioconcepcion.cl\/sitio\/wp-json\/wp\/v2\/comments?post=10370"}],"version-history":[{"count":1,"href":"http:\/\/sanignacioconcepcion.cl\/sitio\/wp-json\/wp\/v2\/posts\/10370\/revisions"}],"predecessor-version":[{"id":10371,"href":"http:\/\/sanignacioconcepcion.cl\/sitio\/wp-json\/wp\/v2\/posts\/10370\/revisions\/10371"}],"wp:attachment":[{"href":"http:\/\/sanignacioconcepcion.cl\/sitio\/wp-json\/wp\/v2\/media?parent=10370"}],"wp:term":[{"taxonomy":"category","embeddable":true,"href":"http:\/\/sanignacioconcepcion.cl\/sitio\/wp-json\/wp\/v2\/categories?post=10370"},{"taxonomy":"post_tag","embeddable":true,"href":"http:\/\/sanignacioconcepcion.cl\/sitio\/wp-json\/wp\/v2\/tags?post=10370"}],"curies":[{"name":"wp","href":"https:\/\/api.w.org\/{rel}","templated":true}]}}