{"id":10375,"date":"2025-08-21T13:37:35","date_gmt":"2025-08-21T16:37:35","guid":{"rendered":"https:\/\/sanignacioconcepcion.cl\/sitio\/?p=10375"},"modified":"2025-08-21T13:37:35","modified_gmt":"2025-08-21T16:37:35","slug":"simulacro-de-evacuacion-se-realizo-con-exito-en-nuestro-colegio","status":"publish","type":"post","link":"http:\/\/sanignacioconcepcion.cl\/sitio\/simulacro-de-evacuacion-se-realizo-con-exito-en-nuestro-colegio\/","title":{"rendered":"Simulacro de evacuaci\u00f3n se realiz\u00f3 con \u00e9xito en nuestro colegio"},"content":{"rendered":"<p data-start=\"161\" data-end=\"397\">El mi\u00e9rcoles 20 de agosto llevamos a cabo un <strong data-start=\"206\" data-end=\"233\">simulacro de evacuaci\u00f3n<\/strong> en el Colegio San Ignacio de Concepci\u00f3n, instancia que se desarroll\u00f3 con total \u00e9xito gracias al compromiso y la colaboraci\u00f3n de toda nuestra comunidad educativa.<\/p>\n<p data-start=\"399\" data-end=\"812\">La actividad permiti\u00f3 poner en pr\u00e1ctica los protocolos de seguridad, reforzar los aprendizajes sobre c\u00f3mo actuar en caso de emergencia y ejercitar la salida ordenada hacia las zonas de seguridad establecidas. En pocos minutos, estudiantes, educadores y funcionarios respondieron con seriedad y responsabilidad, demostrando que la prevenci\u00f3n y el autocuidado son valores fundamentales en nuestro quehacer diario. <a href=\"https:\/\/photos.app.goo.gl\/LzniPaHZRJ2HQSPx8\"><strong>Ver fotos<\/strong><\/a><\/p>\n","protected":false},"excerpt":{"rendered":"<p>El mi\u00e9rcoles 20 de agosto llevamos a cabo un simulacro de evacuaci\u00f3n en el Colegio San Ignacio de Concepci\u00f3n, instancia que se desarroll\u00f3 con total \u00e9xito gracias al compromiso y la colaboraci\u00f3n de toda nuestra comunidad educativa. La actividad permiti\u00f3 poner en pr\u00e1ctica los protocolos de seguridad, reforzar los aprendizajes sobre c\u00f3mo actuar en caso&hellip;<\/p>\n","protected":false},"author":1,"featured_media":10376,"comment_status":"closed","ping_status":"closed","sticky":false,"template":"","format":"standard","meta":[],"categories":[4],"tags":[],"_links":{"self":[{"href":"http:\/\/sanignacioconcepcion.cl\/sitio\/wp-json\/wp\/v2\/posts\/10375"}],"collection":[{"href":"http:\/\/sanignacioconcepcion.cl\/sitio\/wp-json\/wp\/v2\/posts"}],"about":[{"href":"http:\/\/sanignacioconcepcion.cl\/sitio\/wp-json\/wp\/v2\/types\/post"}],"author":[{"embeddable":true,"href":"http:\/\/sanignacioconcepcion.cl\/sitio\/wp-json\/wp\/v2\/users\/1"}],"replies":[{"embeddable":true,"href":"http:\/\/sanignacioconcepcion.cl\/sitio\/wp-json\/wp\/v2\/comments?post=10375"}],"version-history":[{"count":1,"href":"http:\/\/sanignacioconcepcion.cl\/sitio\/wp-json\/wp\/v2\/posts\/10375\/revisions"}],"predecessor-version":[{"id":10377,"href":"http:\/\/sanignacioconcepcion.cl\/sitio\/wp-json\/wp\/v2\/posts\/10375\/revisions\/10377"}],"wp:featuredmedia":[{"embeddable":true,"href":"http:\/\/sanignacioconcepcion.cl\/sitio\/wp-json\/wp\/v2\/media\/10376"}],"wp:attachment":[{"href":"http:\/\/sanignacioconcepcion.cl\/sitio\/wp-json\/wp\/v2\/media?parent=10375"}],"wp:term":[{"taxonomy":"category","embeddable":true,"href":"http:\/\/sanignacioconcepcion.cl\/sitio\/wp-json\/wp\/v2\/categories?post=10375"},{"taxonomy":"post_tag","embeddable":true,"href":"http:\/\/sanignacioconcepcion.cl\/sitio\/wp-json\/wp\/v2\/tags?post=10375"}],"curies":[{"name":"wp","href":"https:\/\/api.w.org\/{rel}","templated":true}]}}