{"id":10378,"date":"2025-08-21T16:48:48","date_gmt":"2025-08-21T19:48:48","guid":{"rendered":"https:\/\/sanignacioconcepcion.cl\/sitio\/?p=10378"},"modified":"2025-08-21T16:48:48","modified_gmt":"2025-08-21T19:48:48","slug":"educadores-reflexionan-sobre-el-legado-de-san-alberto-hurtado","status":"publish","type":"post","link":"http:\/\/sanignacioconcepcion.cl\/sitio\/educadores-reflexionan-sobre-el-legado-de-san-alberto-hurtado\/","title":{"rendered":"Educadores reflexionan sobre el legado de San Alberto Hurtado"},"content":{"rendered":"<p data-start=\"99\" data-end=\"420\">El mi\u00e9rcoles 20 de agosto se realiz\u00f3 en nuestro colegio una formaci\u00f3n para educadores en torno a la figura de San Alberto Hurtado, en el marco del Mes de la Solidaridad.Este espacio fue una invitaci\u00f3n a reflexionar sobre su legado y a reconocer c\u00f3mo su testimonio de vida nos inspira en nuestra misi\u00f3n educativa.<\/p>\n<p data-start=\"422\" data-end=\"650\">Durante la jornada, los participantes trabajaron en grupos respondiendo preguntas orientadas a profundizar en el sentido de la solidaridad en la vida personal y comunitaria, favoreciendo el di\u00e1logo y el aprendizaje compartido.<\/p>\n","protected":false},"excerpt":{"rendered":"<p>El mi\u00e9rcoles 20 de agosto se realiz\u00f3 en nuestro colegio una formaci\u00f3n para educadores en torno a la figura de San Alberto Hurtado, en el marco del Mes de la Solidaridad.Este espacio fue una invitaci\u00f3n a reflexionar sobre su legado y a reconocer c\u00f3mo su testimonio de vida nos inspira en nuestra misi\u00f3n educativa. Durante&hellip;<\/p>\n","protected":false},"author":1,"featured_media":10379,"comment_status":"closed","ping_status":"closed","sticky":false,"template":"","format":"standard","meta":[],"categories":[4],"tags":[],"_links":{"self":[{"href":"http:\/\/sanignacioconcepcion.cl\/sitio\/wp-json\/wp\/v2\/posts\/10378"}],"collection":[{"href":"http:\/\/sanignacioconcepcion.cl\/sitio\/wp-json\/wp\/v2\/posts"}],"about":[{"href":"http:\/\/sanignacioconcepcion.cl\/sitio\/wp-json\/wp\/v2\/types\/post"}],"author":[{"embeddable":true,"href":"http:\/\/sanignacioconcepcion.cl\/sitio\/wp-json\/wp\/v2\/users\/1"}],"replies":[{"embeddable":true,"href":"http:\/\/sanignacioconcepcion.cl\/sitio\/wp-json\/wp\/v2\/comments?post=10378"}],"version-history":[{"count":1,"href":"http:\/\/sanignacioconcepcion.cl\/sitio\/wp-json\/wp\/v2\/posts\/10378\/revisions"}],"predecessor-version":[{"id":10380,"href":"http:\/\/sanignacioconcepcion.cl\/sitio\/wp-json\/wp\/v2\/posts\/10378\/revisions\/10380"}],"wp:featuredmedia":[{"embeddable":true,"href":"http:\/\/sanignacioconcepcion.cl\/sitio\/wp-json\/wp\/v2\/media\/10379"}],"wp:attachment":[{"href":"http:\/\/sanignacioconcepcion.cl\/sitio\/wp-json\/wp\/v2\/media?parent=10378"}],"wp:term":[{"taxonomy":"category","embeddable":true,"href":"http:\/\/sanignacioconcepcion.cl\/sitio\/wp-json\/wp\/v2\/categories?post=10378"},{"taxonomy":"post_tag","embeddable":true,"href":"http:\/\/sanignacioconcepcion.cl\/sitio\/wp-json\/wp\/v2\/tags?post=10378"}],"curies":[{"name":"wp","href":"https:\/\/api.w.org\/{rel}","templated":true}]}}