{"id":10387,"date":"2025-08-22T11:34:34","date_gmt":"2025-08-22T14:34:34","guid":{"rendered":"https:\/\/sanignacioconcepcion.cl\/sitio\/?p=10387"},"modified":"2025-08-22T11:34:34","modified_gmt":"2025-08-22T14:34:34","slug":"100-dias-de-aprendizaje-con-los-primeros-basicos","status":"publish","type":"post","link":"http:\/\/sanignacioconcepcion.cl\/sitio\/100-dias-de-aprendizaje-con-los-primeros-basicos\/","title":{"rendered":"100 d\u00edas de aprendizaje con los Primeros B\u00e1sicos"},"content":{"rendered":"<p data-start=\"242\" data-end=\"479\">Este viernes 22 de agosto, nuestros estudiantes de <strong data-start=\"293\" data-end=\"306\">1\u00b0 B\u00e1sico<\/strong> celebraron con mucha alegr\u00eda la actividad <strong data-start=\"349\" data-end=\"374\">\u201c100 d\u00edas de colegio\u201d<\/strong>, una instancia que busca reconocer y valorar el camino recorrido en este primer tramo del a\u00f1o escolar.<\/p>\n<p data-start=\"481\" data-end=\"750\">Desde el primer d\u00eda de clases, las y los estudiantes fueron registrando en un panel los n\u00fameros de manera diaria, hasta llegar hoy al <strong data-start=\"615\" data-end=\"629\">n\u00famero 100<\/strong>. Esta din\u00e1mica les permiti\u00f3 comprender que cada jornada suma, y que con esfuerzo y constancia se logran grandes metas.<\/p>\n<p data-start=\"752\" data-end=\"872\">Durante la actividad, los estudiantes pusieron en pr\u00e1ctica lo aprendido en matem\u00e1tica, desarrollando habilidades como:<\/p>\n<ul data-start=\"873\" data-end=\"1063\">\n<li data-start=\"873\" data-end=\"916\">\n<p data-start=\"875\" data-end=\"916\">Contar hasta 100, agrupando en decenas.<\/p>\n<\/li>\n<li data-start=\"917\" data-end=\"1004\">\n<p data-start=\"919\" data-end=\"1004\">Resolver sumas y restas a partir de situaciones problem\u00e1ticas y juegos matem\u00e1ticos.<\/p>\n<\/li>\n<li data-start=\"1005\" data-end=\"1063\">\n<p data-start=\"1007\" data-end=\"1063\">Contar de 10 en 10, de forma ascendente y descendente.<\/p>\n<\/li>\n<\/ul>\n<p data-start=\"1065\" data-end=\"1232\">De esta manera, adem\u00e1s de ejercitar sus aprendizajes, tomaron conciencia de que ya han vivido <strong data-start=\"1159\" data-end=\"1182\">100 d\u00edas de colegio<\/strong> llenos de experiencias, desaf\u00edos y crecimiento.<a href=\"https:\/\/photos.app.goo.gl\/k2vAuMHfi2hfkz2H6\"><strong> Ver fotos<\/strong><\/a><\/p>\n","protected":false},"excerpt":{"rendered":"<p>Este viernes 22 de agosto, nuestros estudiantes de 1\u00b0 B\u00e1sico celebraron con mucha alegr\u00eda la actividad \u201c100 d\u00edas de colegio\u201d, una instancia que busca reconocer y valorar el camino recorrido en este primer tramo del a\u00f1o escolar. Desde el primer d\u00eda de clases, las y los estudiantes fueron registrando en un panel los n\u00fameros de&hellip;<\/p>\n","protected":false},"author":1,"featured_media":10388,"comment_status":"closed","ping_status":"closed","sticky":false,"template":"","format":"standard","meta":[],"categories":[4],"tags":[],"_links":{"self":[{"href":"http:\/\/sanignacioconcepcion.cl\/sitio\/wp-json\/wp\/v2\/posts\/10387"}],"collection":[{"href":"http:\/\/sanignacioconcepcion.cl\/sitio\/wp-json\/wp\/v2\/posts"}],"about":[{"href":"http:\/\/sanignacioconcepcion.cl\/sitio\/wp-json\/wp\/v2\/types\/post"}],"author":[{"embeddable":true,"href":"http:\/\/sanignacioconcepcion.cl\/sitio\/wp-json\/wp\/v2\/users\/1"}],"replies":[{"embeddable":true,"href":"http:\/\/sanignacioconcepcion.cl\/sitio\/wp-json\/wp\/v2\/comments?post=10387"}],"version-history":[{"count":1,"href":"http:\/\/sanignacioconcepcion.cl\/sitio\/wp-json\/wp\/v2\/posts\/10387\/revisions"}],"predecessor-version":[{"id":10389,"href":"http:\/\/sanignacioconcepcion.cl\/sitio\/wp-json\/wp\/v2\/posts\/10387\/revisions\/10389"}],"wp:featuredmedia":[{"embeddable":true,"href":"http:\/\/sanignacioconcepcion.cl\/sitio\/wp-json\/wp\/v2\/media\/10388"}],"wp:attachment":[{"href":"http:\/\/sanignacioconcepcion.cl\/sitio\/wp-json\/wp\/v2\/media?parent=10387"}],"wp:term":[{"taxonomy":"category","embeddable":true,"href":"http:\/\/sanignacioconcepcion.cl\/sitio\/wp-json\/wp\/v2\/categories?post=10387"},{"taxonomy":"post_tag","embeddable":true,"href":"http:\/\/sanignacioconcepcion.cl\/sitio\/wp-json\/wp\/v2\/tags?post=10387"}],"curies":[{"name":"wp","href":"https:\/\/api.w.org\/{rel}","templated":true}]}}