{"id":10390,"date":"2025-08-22T12:43:32","date_gmt":"2025-08-22T15:43:32","guid":{"rendered":"https:\/\/sanignacioconcepcion.cl\/sitio\/?p=10390"},"modified":"2025-08-22T12:45:33","modified_gmt":"2025-08-22T15:45:33","slug":"inicio-del-diagnostico-de-educacion-parvularia","status":"publish","type":"post","link":"http:\/\/sanignacioconcepcion.cl\/sitio\/inicio-del-diagnostico-de-educacion-parvularia\/","title":{"rendered":"Inicio del diagn\u00f3stico de Educaci\u00f3n Parvularia"},"content":{"rendered":"<p data-start=\"199\" data-end=\"343\">Durante esta semana se dio inicio al proceso de diagn\u00f3stico de Educaci\u00f3n Parvularia en los seis colegios con pago de la Compa\u00f1\u00eda de Jes\u00fas en Chile.<\/p>\n<p data-start=\"345\" data-end=\"603\">La instancia contempl\u00f3 focus groups con educadoras y visitas a las aulas en nuestro colegio, con el prop\u00f3sito de recoger informaci\u00f3n sobre las pr\u00e1cticas pedag\u00f3gicas y los aprendizajes alcanzados.<\/p>\n<p data-start=\"605\" data-end=\"902\">Mar\u00eda Luisa Orellana, Coordinadora del \u00c1rea Acad\u00e9mica de los seis colegios jesuitas con pago, y Magdalena Correa, tesista de la Universidad de los Andes, son las encargadas de acompa\u00f1ar el trabajo de reflexi\u00f3n y observaci\u00f3n junto a los equipos de ciclo de nuestro colegio.<\/p>\n<p data-start=\"904\" data-end=\"962\">Sobre esta iniciativa, Mar\u00eda Luisa Orellana destac\u00f3 que \u201ceste diagn\u00f3stico busca poder levantar cu\u00e1les son todas nuestras fortalezas y cu\u00e1les son las oportunidades para mejorar la calidad de la educaci\u00f3n en este nivel\u201d.<\/p>\n<p data-start=\"1133\" data-end=\"1359\">Este proceso permitir\u00e1 proyectar acciones conjuntas que respondan a los desaf\u00edos de la educaci\u00f3n inicial, favoreciendo el desarrollo integral de los estudiantes y asegurando la coherencia con el proyecto educativo ignaciano.<\/p>\n","protected":false},"excerpt":{"rendered":"<p>Durante esta semana se dio inicio al proceso de diagn\u00f3stico de Educaci\u00f3n Parvularia en los seis colegios con pago de la Compa\u00f1\u00eda de Jes\u00fas en Chile. La instancia contempl\u00f3 focus groups con educadoras y visitas a las aulas en nuestro colegio, con el prop\u00f3sito de recoger informaci\u00f3n sobre las pr\u00e1cticas pedag\u00f3gicas y los aprendizajes alcanzados.&hellip;<\/p>\n","protected":false},"author":1,"featured_media":10391,"comment_status":"closed","ping_status":"closed","sticky":false,"template":"","format":"standard","meta":[],"categories":[4],"tags":[],"_links":{"self":[{"href":"http:\/\/sanignacioconcepcion.cl\/sitio\/wp-json\/wp\/v2\/posts\/10390"}],"collection":[{"href":"http:\/\/sanignacioconcepcion.cl\/sitio\/wp-json\/wp\/v2\/posts"}],"about":[{"href":"http:\/\/sanignacioconcepcion.cl\/sitio\/wp-json\/wp\/v2\/types\/post"}],"author":[{"embeddable":true,"href":"http:\/\/sanignacioconcepcion.cl\/sitio\/wp-json\/wp\/v2\/users\/1"}],"replies":[{"embeddable":true,"href":"http:\/\/sanignacioconcepcion.cl\/sitio\/wp-json\/wp\/v2\/comments?post=10390"}],"version-history":[{"count":4,"href":"http:\/\/sanignacioconcepcion.cl\/sitio\/wp-json\/wp\/v2\/posts\/10390\/revisions"}],"predecessor-version":[{"id":10395,"href":"http:\/\/sanignacioconcepcion.cl\/sitio\/wp-json\/wp\/v2\/posts\/10390\/revisions\/10395"}],"wp:featuredmedia":[{"embeddable":true,"href":"http:\/\/sanignacioconcepcion.cl\/sitio\/wp-json\/wp\/v2\/media\/10391"}],"wp:attachment":[{"href":"http:\/\/sanignacioconcepcion.cl\/sitio\/wp-json\/wp\/v2\/media?parent=10390"}],"wp:term":[{"taxonomy":"category","embeddable":true,"href":"http:\/\/sanignacioconcepcion.cl\/sitio\/wp-json\/wp\/v2\/categories?post=10390"},{"taxonomy":"post_tag","embeddable":true,"href":"http:\/\/sanignacioconcepcion.cl\/sitio\/wp-json\/wp\/v2\/tags?post=10390"}],"curies":[{"name":"wp","href":"https:\/\/api.w.org\/{rel}","templated":true}]}}