{"id":10396,"date":"2025-08-22T12:50:00","date_gmt":"2025-08-22T15:50:00","guid":{"rendered":"https:\/\/sanignacioconcepcion.cl\/sitio\/?p=10396"},"modified":"2025-08-22T12:50:00","modified_gmt":"2025-08-22T15:50:00","slug":"estudiantes-participaron-en-seminario-encontremonos-para-ser-rostros-de-justicia","status":"publish","type":"post","link":"http:\/\/sanignacioconcepcion.cl\/sitio\/estudiantes-participaron-en-seminario-encontremonos-para-ser-rostros-de-justicia\/","title":{"rendered":"Estudiantes participaron en seminario \u201cEncontr\u00e9monos para ser rostros de justicia\u201d"},"content":{"rendered":"<p data-start=\"258\" data-end=\"474\">El pasado mi\u00e9rcoles 20 de agosto, un grupo de nuestros estudiantes particip\u00f3 en el seminario \u201cEncontr\u00e9monos para ser rostros de justicia\u201d, realizado en el Auditorio de la Facultad de Derecho de la UCSC.<\/p>\n<p data-start=\"476\" data-end=\"725\">La instancia, convocada por la Compa\u00f1\u00eda de Jes\u00fas, reuni\u00f3 a diversas instituciones sociales y educativas con el objetivo de reflexionar sobre el compromiso con la justicia y el rol de los j\u00f3venes en la construcci\u00f3n de una sociedad m\u00e1s fraterna.<\/p>\n<p data-start=\"727\" data-end=\"969\">A trav\u00e9s de exposiciones y di\u00e1logos, nuestros estudiantes tuvieron la oportunidad de ampliar su mirada sobre los desaf\u00edos sociales actuales, fortalecer su sentido cr\u00edtico y reafirmar el llamado ignaciano a ser agentes de cambio en el mundo. <a href=\"https:\/\/photos.app.goo.gl\/GxEQ6B3TKk3sk7Aw9\"><strong>ver fotos<\/strong><\/a><\/p>\n<p>&nbsp;<\/p>\n","protected":false},"excerpt":{"rendered":"<p>El pasado mi\u00e9rcoles 20 de agosto, un grupo de nuestros estudiantes particip\u00f3 en el seminario \u201cEncontr\u00e9monos para ser rostros de justicia\u201d, realizado en el Auditorio de la Facultad de Derecho de la UCSC. La instancia, convocada por la Compa\u00f1\u00eda de Jes\u00fas, reuni\u00f3 a diversas instituciones sociales y educativas con el objetivo de reflexionar sobre el&hellip;<\/p>\n","protected":false},"author":1,"featured_media":10397,"comment_status":"closed","ping_status":"closed","sticky":false,"template":"","format":"standard","meta":[],"categories":[4],"tags":[],"_links":{"self":[{"href":"http:\/\/sanignacioconcepcion.cl\/sitio\/wp-json\/wp\/v2\/posts\/10396"}],"collection":[{"href":"http:\/\/sanignacioconcepcion.cl\/sitio\/wp-json\/wp\/v2\/posts"}],"about":[{"href":"http:\/\/sanignacioconcepcion.cl\/sitio\/wp-json\/wp\/v2\/types\/post"}],"author":[{"embeddable":true,"href":"http:\/\/sanignacioconcepcion.cl\/sitio\/wp-json\/wp\/v2\/users\/1"}],"replies":[{"embeddable":true,"href":"http:\/\/sanignacioconcepcion.cl\/sitio\/wp-json\/wp\/v2\/comments?post=10396"}],"version-history":[{"count":1,"href":"http:\/\/sanignacioconcepcion.cl\/sitio\/wp-json\/wp\/v2\/posts\/10396\/revisions"}],"predecessor-version":[{"id":10398,"href":"http:\/\/sanignacioconcepcion.cl\/sitio\/wp-json\/wp\/v2\/posts\/10396\/revisions\/10398"}],"wp:featuredmedia":[{"embeddable":true,"href":"http:\/\/sanignacioconcepcion.cl\/sitio\/wp-json\/wp\/v2\/media\/10397"}],"wp:attachment":[{"href":"http:\/\/sanignacioconcepcion.cl\/sitio\/wp-json\/wp\/v2\/media?parent=10396"}],"wp:term":[{"taxonomy":"category","embeddable":true,"href":"http:\/\/sanignacioconcepcion.cl\/sitio\/wp-json\/wp\/v2\/categories?post=10396"},{"taxonomy":"post_tag","embeddable":true,"href":"http:\/\/sanignacioconcepcion.cl\/sitio\/wp-json\/wp\/v2\/tags?post=10396"}],"curies":[{"name":"wp","href":"https:\/\/api.w.org\/{rel}","templated":true}]}}