{"id":10400,"date":"2025-08-25T11:43:38","date_gmt":"2025-08-25T14:43:38","guid":{"rendered":"https:\/\/sanignacioconcepcion.cl\/sitio\/?p=10400"},"modified":"2025-08-25T11:43:49","modified_gmt":"2025-08-25T14:43:49","slug":"olegio-san-ignacio-presente-en-seminario-lideres-que-transforman","status":"publish","type":"post","link":"http:\/\/sanignacioconcepcion.cl\/sitio\/olegio-san-ignacio-presente-en-seminario-lideres-que-transforman\/","title":{"rendered":"Colegio San Ignacio presente en seminario \u201cL\u00edderes que Transforman\u201d"},"content":{"rendered":"<p data-start=\"271\" data-end=\"541\">El s\u00e1bado 23 de agosto de 2025 se realiz\u00f3 en Concepci\u00f3n el seminario \u201cL\u00edderes que Transforman: colaborar para impactar la educaci\u00f3n\u201d, organizado por la Universidad Cat\u00f3lica de la Sant\u00edsima Concepci\u00f3n junto a los Colegios del Arzobispado de la Sant\u00edsima Concepci\u00f3n.<\/p>\n<p data-start=\"543\" data-end=\"750\">La jornada reuni\u00f3 a m\u00e1s de 30 expertos en educaci\u00f3n y contempl\u00f3 un completo programa con ponencias, exposiciones, un conversatorio y talleres pr\u00e1cticos sobre gesti\u00f3n, liderazgo e innovaci\u00f3n pedag\u00f3gica.<\/p>\n<p data-start=\"752\" data-end=\"1222\">En este marco, nuestra directora Claudia Messina fue parte del seminario liderando el workshop <em data-start=\"851\" data-end=\"934\">\u201cCaminatas de aula: una metodolog\u00eda que impacta en los resultados de aprendizaje\u201d<\/em>. Esta experiencia, desarrollada en el Colegio San Ignacio de Concepci\u00f3n, se ha convertido en una herramienta valiosa de observaci\u00f3n formativa que permite generar di\u00e1logos pedag\u00f3gicos, fortalecer las pr\u00e1cticas docentes y enfocar la gesti\u00f3n en los aprendizajes reales de los estudiantes.<\/p>\n<p data-start=\"1224\" data-end=\"1390\">Su participaci\u00f3n en este encuentro refuerza el compromiso de nuestro colegio con la innovaci\u00f3n educativa y con el liderazgo al servicio de una formaci\u00f3n de calidad.<\/p>\n","protected":false},"excerpt":{"rendered":"<p>El s\u00e1bado 23 de agosto de 2025 se realiz\u00f3 en Concepci\u00f3n el seminario \u201cL\u00edderes que Transforman: colaborar para impactar la educaci\u00f3n\u201d, organizado por la Universidad Cat\u00f3lica de la Sant\u00edsima Concepci\u00f3n junto a los Colegios del Arzobispado de la Sant\u00edsima Concepci\u00f3n. La jornada reuni\u00f3 a m\u00e1s de 30 expertos en educaci\u00f3n y contempl\u00f3 un completo programa&hellip;<\/p>\n","protected":false},"author":1,"featured_media":10401,"comment_status":"closed","ping_status":"closed","sticky":false,"template":"","format":"standard","meta":[],"categories":[4],"tags":[],"_links":{"self":[{"href":"http:\/\/sanignacioconcepcion.cl\/sitio\/wp-json\/wp\/v2\/posts\/10400"}],"collection":[{"href":"http:\/\/sanignacioconcepcion.cl\/sitio\/wp-json\/wp\/v2\/posts"}],"about":[{"href":"http:\/\/sanignacioconcepcion.cl\/sitio\/wp-json\/wp\/v2\/types\/post"}],"author":[{"embeddable":true,"href":"http:\/\/sanignacioconcepcion.cl\/sitio\/wp-json\/wp\/v2\/users\/1"}],"replies":[{"embeddable":true,"href":"http:\/\/sanignacioconcepcion.cl\/sitio\/wp-json\/wp\/v2\/comments?post=10400"}],"version-history":[{"count":2,"href":"http:\/\/sanignacioconcepcion.cl\/sitio\/wp-json\/wp\/v2\/posts\/10400\/revisions"}],"predecessor-version":[{"id":10403,"href":"http:\/\/sanignacioconcepcion.cl\/sitio\/wp-json\/wp\/v2\/posts\/10400\/revisions\/10403"}],"wp:featuredmedia":[{"embeddable":true,"href":"http:\/\/sanignacioconcepcion.cl\/sitio\/wp-json\/wp\/v2\/media\/10401"}],"wp:attachment":[{"href":"http:\/\/sanignacioconcepcion.cl\/sitio\/wp-json\/wp\/v2\/media?parent=10400"}],"wp:term":[{"taxonomy":"category","embeddable":true,"href":"http:\/\/sanignacioconcepcion.cl\/sitio\/wp-json\/wp\/v2\/categories?post=10400"},{"taxonomy":"post_tag","embeddable":true,"href":"http:\/\/sanignacioconcepcion.cl\/sitio\/wp-json\/wp\/v2\/tags?post=10400"}],"curies":[{"name":"wp","href":"https:\/\/api.w.org\/{rel}","templated":true}]}}